{"id":4300,"date":"2018-10-19T13:11:03","date_gmt":"2018-10-19T11:11:03","guid":{"rendered":"https:\/\/havas.cz\/uncategorized\/kazdy-z-nas-je-trochu-kelt\/"},"modified":"2023-12-14T16:34:26","modified_gmt":"2023-12-14T15:34:26","slug":"there-is-a-bit-of-celt-in-all-of-us","status":"publish","type":"post","link":"https:\/\/havas.cz\/en\/cesko-do-toho-en\/there-is-a-bit-of-celt-in-all-of-us\/","title":{"rendered":"There is a bit of Celt in all of us"},"content":{"rendered":"<p><span lang=\"EN-GB\">The La T\u00e8ne culture is associated with the name of the historically well-known Celts. From the 5<sup>th<\/sup>to 1<sup>st<\/sup>centuries BC, their civilization developed to such a&nbsp;level that it laid the foundation for almost all of European culture. The exhibition called <em>The Celts\u00a0<\/em>offers visitors an insight into the role of Bohemians in this development, not only into the culture of the ruling elite with their magnificent residences and burial sites, but also into rural settlements.<\/span><\/p>\n<div class=\"embed-responsive embed-responsive-16by9\"><iframe loading=\"lazy\" title=\"NM Keltove online nahled 02\" src=\"https:\/\/player.vimeo.com\/video\/306815843?dnt=1&amp;app_id=122963\" width=\"500\" height=\"281\"  allow=\"autoplay; fullscreen; picture-in-picture; clipboard-write; encrypted-media; web-share\" referrerpolicy=\"strict-origin-when-cross-origin\"><\/iframe><\/div>\n<div class=\"pull-left d-none d-lg-block\"><hr><strong class=\"text-black\">Share:<\/strong><ul class=\"list-unstyled sharelinks \"><li><a href=\"https:\/\/www.linkedin.com\/shareArticle?mini=true&url=https:\/\/havas.cz\/en\/cesko-do-toho-en\/there-is-a-bit-of-celt-in-all-of-us\/&title=There+is+a+bit+of+Celt+in+all+of+us&summary=Havas+and+the+National+Museum+share+a+long+history%2C+but+it+doesn%E2%80%99t+stretch+nearly+as+far+back+as+the+roots+of+Celtic+culture+in+Bohemia.+This+means+that+there+is+a+little+bit+of+Celt+in+every+Czech.+And+that+is+a+fact.\" title=\"LinkedIn\">LinkedIn<\/a><\/li><li><a href=\"http:\/\/www.facebook.com\/sharer.php?u=https:\/\/havas.cz\/en\/cesko-do-toho-en\/there-is-a-bit-of-celt-in-all-of-us\/\" title=\"Facebook\">Facebook<\/a><\/li><li><a href=\"https:\/\/twitter.com\/intent\/tweet?url=https:\/\/havas.cz\/en\/cesko-do-toho-en\/there-is-a-bit-of-celt-in-all-of-us\/&text=There+is+a+bit+of+Celt+in+all+of+us\" title=\"X\">X<\/a><\/li><\/ul><hr class=\"d-lg-none\"><\/div>\n<hr \/>\n<p><span lang=\"EN-GB\">The popularity of the Celts and how Czechs relate to this heritage gave us an idea for a&nbsp;low-budget video to attract visitors to the newly-renovated National Museum. There is a&nbsp;bit of Celtic in each and every one of us, and everyone can get the full experience at the new exhibit.<\/span><\/p>\n","protected":false},"excerpt":{"rendered":"<p>Havas and the National Museum share a long history, but it doesn\u2019t stretch nearly as far back as the roots of Celtic culture in Bohemia. This means that there is a little bit of Celt in every Czech. And that is a fact.<\/p>\n","protected":false},"author":1,"featured_media":0,"comment_status":"closed","ping_status":"closed","sticky":false,"template":"","format":"standard","meta":{"footnotes":"","_links_to":"","_links_to_target":""},"categories":[139],"tags":[145],"klient":[],"class_list":["post-4300","post","type-post","status-publish","format-standard","hentry","category-cesko-do-toho-en","tag-narodni-muzeum-en"],"yoast_head":"<!-- This site is optimized with the Yoast SEO plugin v27.1.1 - https:\/\/yoast.com\/product\/yoast-seo-wordpress\/ -->\n<title>There is a bit of Celt in all of us - Havas Prague<\/title>\n<meta name=\"description\" content=\"There is a bit of Celt in all of us - Havas Prague\" \/>\n<meta name=\"robots\" content=\"index, follow, max-snippet:-1, max-image-preview:large, max-video-preview:-1\" \/>\n<link rel=\"canonical\" href=\"https:\/\/havas.cz\/en\/cesko-do-toho-en\/there-is-a-bit-of-celt-in-all-of-us\/\" \/>\n<meta property=\"og:locale\" content=\"en_US\" \/>\n<meta property=\"og:type\" content=\"article\" \/>\n<meta property=\"og:title\" content=\"There is a bit of Celt in all of us - Havas Prague\" \/>\n<meta property=\"og:description\" content=\"There is a bit of Celt in all of us - Havas Prague\" \/>\n<meta property=\"og:url\" content=\"https:\/\/havas.cz\/en\/cesko-do-toho-en\/there-is-a-bit-of-celt-in-all-of-us\/\" \/>\n<meta property=\"og:site_name\" content=\"Havas Prague\" \/>\n<meta property=\"article:published_time\" content=\"2018-10-19T11:11:03+00:00\" \/>\n<meta property=\"article:modified_time\" content=\"2023-12-14T15:34:26+00:00\" \/>\n<meta name=\"author\" content=\"czmiadmin\" \/>\n<meta name=\"twitter:card\" content=\"summary_large_image\" \/>\n<meta name=\"twitter:label1\" content=\"Written by\" \/>\n\t<meta name=\"twitter:data1\" content=\"czmiadmin\" \/>\n\t<meta name=\"twitter:label2\" content=\"Est. reading time\" \/>\n\t<meta name=\"twitter:data2\" content=\"1 minute\" \/>\n<script type=\"application\/ld+json\" class=\"yoast-schema-graph\">{\"@context\":\"https:\/\/schema.org\",\"@graph\":[{\"@type\":\"Article\",\"@id\":\"https:\/\/havas.cz\/en\/cesko-do-toho-en\/there-is-a-bit-of-celt-in-all-of-us\/#article\",\"isPartOf\":{\"@id\":\"https:\/\/havas.cz\/en\/cesko-do-toho-en\/there-is-a-bit-of-celt-in-all-of-us\/\"},\"author\":{\"name\":\"czmiadmin\",\"@id\":\"https:\/\/havas.cz\/#\/schema\/person\/736a40636f0031ad05fb2253f0527569\"},\"headline\":\"There is a bit of Celt in all of us\",\"datePublished\":\"2018-10-19T11:11:03+00:00\",\"dateModified\":\"2023-12-14T15:34:26+00:00\",\"mainEntityOfPage\":{\"@id\":\"https:\/\/havas.cz\/en\/cesko-do-toho-en\/there-is-a-bit-of-celt-in-all-of-us\/\"},\"wordCount\":142,\"keywords\":[\"N\u00e1rodn\u00ed muzeum\"],\"articleSection\":[\"Go Czechia!\"],\"inLanguage\":\"en-US\"},{\"@type\":\"WebPage\",\"@id\":\"https:\/\/havas.cz\/en\/cesko-do-toho-en\/there-is-a-bit-of-celt-in-all-of-us\/\",\"url\":\"https:\/\/havas.cz\/en\/cesko-do-toho-en\/there-is-a-bit-of-celt-in-all-of-us\/\",\"name\":\"There is a bit of Celt in all of us - Havas Prague\",\"isPartOf\":{\"@id\":\"https:\/\/havas.cz\/#website\"},\"datePublished\":\"2018-10-19T11:11:03+00:00\",\"dateModified\":\"2023-12-14T15:34:26+00:00\",\"author\":{\"@id\":\"https:\/\/havas.cz\/#\/schema\/person\/736a40636f0031ad05fb2253f0527569\"},\"description\":\"There is a bit of Celt in all of us - Havas Prague\",\"breadcrumb\":{\"@id\":\"https:\/\/havas.cz\/en\/cesko-do-toho-en\/there-is-a-bit-of-celt-in-all-of-us\/#breadcrumb\"},\"inLanguage\":\"en-US\",\"potentialAction\":[{\"@type\":\"ReadAction\",\"target\":[\"https:\/\/havas.cz\/en\/cesko-do-toho-en\/there-is-a-bit-of-celt-in-all-of-us\/\"]}]},{\"@type\":\"BreadcrumbList\",\"@id\":\"https:\/\/havas.cz\/en\/cesko-do-toho-en\/there-is-a-bit-of-celt-in-all-of-us\/#breadcrumb\",\"itemListElement\":[{\"@type\":\"ListItem\",\"position\":1,\"name\":\"Dom\u016f\",\"item\":\"https:\/\/havas.cz\/en\/\"},{\"@type\":\"ListItem\",\"position\":2,\"name\":\"There is a bit of Celt in all of us\"}]},{\"@type\":\"WebSite\",\"@id\":\"https:\/\/havas.cz\/#website\",\"url\":\"https:\/\/havas.cz\/\",\"name\":\"Havas Prague\",\"description\":\"Agentura Havas Prague. Vytv\u00e1\u0159\u00edme smyslupln\u00e1 spojen\u00ed mezi zna\u010dkami a spot\u0159ebiteli.\",\"potentialAction\":[{\"@type\":\"SearchAction\",\"target\":{\"@type\":\"EntryPoint\",\"urlTemplate\":\"https:\/\/havas.cz\/?s={search_term_string}\"},\"query-input\":{\"@type\":\"PropertyValueSpecification\",\"valueRequired\":true,\"valueName\":\"search_term_string\"}}],\"inLanguage\":\"en-US\"},{\"@type\":\"Person\",\"@id\":\"https:\/\/havas.cz\/#\/schema\/person\/736a40636f0031ad05fb2253f0527569\",\"name\":\"czmiadmin\"}]}<\/script>\n<!-- \/ Yoast SEO plugin. -->","yoast_head_json":{"title":"There is a bit of Celt in all of us - Havas Prague","description":"There is a bit of Celt in all of us - Havas Prague","robots":{"index":"index","follow":"follow","max-snippet":"max-snippet:-1","max-image-preview":"max-image-preview:large","max-video-preview":"max-video-preview:-1"},"canonical":"https:\/\/havas.cz\/en\/cesko-do-toho-en\/there-is-a-bit-of-celt-in-all-of-us\/","og_locale":"en_US","og_type":"article","og_title":"There is a bit of Celt in all of us - Havas Prague","og_description":"There is a bit of Celt in all of us - Havas Prague","og_url":"https:\/\/havas.cz\/en\/cesko-do-toho-en\/there-is-a-bit-of-celt-in-all-of-us\/","og_site_name":"Havas Prague","article_published_time":"2018-10-19T11:11:03+00:00","article_modified_time":"2023-12-14T15:34:26+00:00","author":"czmiadmin","twitter_card":"summary_large_image","twitter_misc":{"Written by":"czmiadmin","Est. reading time":"1 minute"},"schema":{"@context":"https:\/\/schema.org","@graph":[{"@type":"Article","@id":"https:\/\/havas.cz\/en\/cesko-do-toho-en\/there-is-a-bit-of-celt-in-all-of-us\/#article","isPartOf":{"@id":"https:\/\/havas.cz\/en\/cesko-do-toho-en\/there-is-a-bit-of-celt-in-all-of-us\/"},"author":{"name":"czmiadmin","@id":"https:\/\/havas.cz\/#\/schema\/person\/736a40636f0031ad05fb2253f0527569"},"headline":"There is a bit of Celt in all of us","datePublished":"2018-10-19T11:11:03+00:00","dateModified":"2023-12-14T15:34:26+00:00","mainEntityOfPage":{"@id":"https:\/\/havas.cz\/en\/cesko-do-toho-en\/there-is-a-bit-of-celt-in-all-of-us\/"},"wordCount":142,"keywords":["N\u00e1rodn\u00ed muzeum"],"articleSection":["Go Czechia!"],"inLanguage":"en-US"},{"@type":"WebPage","@id":"https:\/\/havas.cz\/en\/cesko-do-toho-en\/there-is-a-bit-of-celt-in-all-of-us\/","url":"https:\/\/havas.cz\/en\/cesko-do-toho-en\/there-is-a-bit-of-celt-in-all-of-us\/","name":"There is a bit of Celt in all of us - Havas Prague","isPartOf":{"@id":"https:\/\/havas.cz\/#website"},"datePublished":"2018-10-19T11:11:03+00:00","dateModified":"2023-12-14T15:34:26+00:00","author":{"@id":"https:\/\/havas.cz\/#\/schema\/person\/736a40636f0031ad05fb2253f0527569"},"description":"There is a bit of Celt in all of us - Havas Prague","breadcrumb":{"@id":"https:\/\/havas.cz\/en\/cesko-do-toho-en\/there-is-a-bit-of-celt-in-all-of-us\/#breadcrumb"},"inLanguage":"en-US","potentialAction":[{"@type":"ReadAction","target":["https:\/\/havas.cz\/en\/cesko-do-toho-en\/there-is-a-bit-of-celt-in-all-of-us\/"]}]},{"@type":"BreadcrumbList","@id":"https:\/\/havas.cz\/en\/cesko-do-toho-en\/there-is-a-bit-of-celt-in-all-of-us\/#breadcrumb","itemListElement":[{"@type":"ListItem","position":1,"name":"Dom\u016f","item":"https:\/\/havas.cz\/en\/"},{"@type":"ListItem","position":2,"name":"There is a bit of Celt in all of us"}]},{"@type":"WebSite","@id":"https:\/\/havas.cz\/#website","url":"https:\/\/havas.cz\/","name":"Havas Prague","description":"Agentura Havas Prague. Vytv\u00e1\u0159\u00edme smyslupln\u00e1 spojen\u00ed mezi zna\u010dkami a spot\u0159ebiteli.","potentialAction":[{"@type":"SearchAction","target":{"@type":"EntryPoint","urlTemplate":"https:\/\/havas.cz\/?s={search_term_string}"},"query-input":{"@type":"PropertyValueSpecification","valueRequired":true,"valueName":"search_term_string"}}],"inLanguage":"en-US"},{"@type":"Person","@id":"https:\/\/havas.cz\/#\/schema\/person\/736a40636f0031ad05fb2253f0527569","name":"czmiadmin"}]}},"_links":{"self":[{"href":"https:\/\/havas.cz\/en\/wp-json\/wp\/v2\/posts\/4300","targetHints":{"allow":["GET"]}}],"collection":[{"href":"https:\/\/havas.cz\/en\/wp-json\/wp\/v2\/posts"}],"about":[{"href":"https:\/\/havas.cz\/en\/wp-json\/wp\/v2\/types\/post"}],"author":[{"embeddable":true,"href":"https:\/\/havas.cz\/en\/wp-json\/wp\/v2\/users\/1"}],"replies":[{"embeddable":true,"href":"https:\/\/havas.cz\/en\/wp-json\/wp\/v2\/comments?post=4300"}],"version-history":[{"count":1,"href":"https:\/\/havas.cz\/en\/wp-json\/wp\/v2\/posts\/4300\/revisions"}],"predecessor-version":[{"id":16245,"href":"https:\/\/havas.cz\/en\/wp-json\/wp\/v2\/posts\/4300\/revisions\/16245"}],"wp:attachment":[{"href":"https:\/\/havas.cz\/en\/wp-json\/wp\/v2\/media?parent=4300"}],"wp:term":[{"taxonomy":"category","embeddable":true,"href":"https:\/\/havas.cz\/en\/wp-json\/wp\/v2\/categories?post=4300"},{"taxonomy":"post_tag","embeddable":true,"href":"https:\/\/havas.cz\/en\/wp-json\/wp\/v2\/tags?post=4300"},{"taxonomy":"klient","embeddable":true,"href":"https:\/\/havas.cz\/en\/wp-json\/wp\/v2\/klient?post=4300"}],"curies":[{"name":"wp","href":"https:\/\/api.w.org\/{rel}","templated":true}]}}