{"id":11075,"date":"2021-01-15T11:19:23","date_gmt":"2021-01-15T09:19:23","guid":{"rendered":"https:\/\/havas.cz\/?post_type=pressroom&#038;p=11075"},"modified":"2023-11-16T11:57:54","modified_gmt":"2023-11-16T10:57:54","slug":"prodejni-personal-obchodniho-retezce-billa-vstupuje-do-noveho-roku-s-vyssimi-platy-navyseni-cini-v-prumeru-az-5","status":"publish","type":"pressroom","link":"https:\/\/havas.cz\/en\/pressroom\/prodejni-personal-obchodniho-retezce-billa-vstupuje-do-noveho-roku-s-vyssimi-platy-navyseni-cini-v-prumeru-az-5\/","title":{"rendered":"Prodejn\u00ed person\u00e1l obchodn\u00edho \u0159et\u011bzce BILLA vstupuje do nov\u00e9ho roku s vy\u0161\u0161\u00edmi platy. Nav\u00fd\u0161en\u00ed \u010din\u00ed v pr\u016fm\u011bru a\u017e 5 %"},"content":{"rendered":"<p><strong>Spole\u010dnost BILLA nad\u00e1le pokra\u010duje ve zlep\u0161ov\u00e1n\u00ed pracovn\u00edch i&nbsp;mzdov\u00fdch podm\u00ednek sv\u00e9ho prodejn\u00edho person\u00e1lu. V\u00a0r\u00e1mci soci\u00e1ln\u00edho dialogu se dohodla se z\u00e1kladn\u00edmi odborov\u00fdmi organizacemi na zachov\u00e1n\u00ed v\u0161ech st\u00e1vaj\u00edc\u00edch benefit\u016f a\u00a0nav\u00fd\u0161en\u00ed mezd s\u00a0platnost\u00ed od 1.&nbsp;ledna 2021. V\u00a0pr\u016fm\u011bru si zam\u011bstnanci prodejen polep\u0161\u00ed o&nbsp;5&nbsp;%, plo\u0161n\u00e9 nav\u00fd\u0161en\u00ed \u010din\u00ed 3&nbsp;%.<\/strong><\/p>\n<p>C\u00edlem spole\u010dnosti BILLA je i&nbsp;p\u0159es st\u00e1vaj\u00edc\u00ed situaci zp\u016fsobnou pandemi\u00ed koronavirov\u00e9 infekce b\u00fdt i&nbsp;nad\u00e1le seri\u00f3zn\u00edm zam\u011bstnavatelem zaru\u010duj\u00edc\u00edm sv\u00fdm zam\u011bstnanc\u016fm pracovn\u00ed m\u00edsta a\u00a0garanci jejich st\u00e1vaj\u00edc\u00ed mzdy a&nbsp;zam\u011bstnaneck\u00fdch benefit\u016f. Spole\u010dnost BILLA se proto zav\u00e1zala v\u00a0kolektivn\u00ed smlouv\u011b ponechat v\u00a0platnosti st\u00e1vaj\u00edc\u00ed benefity, jako nap\u0159\u00edklad stravenky v\u00a0hodnot\u011b 100&nbsp;K\u010d, p\u0159\u00edsp\u011bvek na penzijn\u00ed p\u0159ipoji\u0161t\u011bn\u00ed v\u00a0hodnot\u011b 300&nbsp;K\u010d m\u011bs\u00ed\u010dn\u011b nebo na MultiSport kartu.<\/p>\n<p><em>\u0160\u00e1rka Brennerov\u00e1, vedouc\u00ed person\u00e1ln\u00edho odd\u011blen\u00ed BILLA \u010cR, k\u00a0nav\u00fd\u0161en\u00ed plat\u016f \u0159\u00edk\u00e1: \u201eJsme velmi pot\u011b\u0161eni, \u017ee i&nbsp;p\u0159es st\u00e1vaj\u00edc\u00ed situaci m\u016f\u017eeme na\u0161im zam\u011bstnanc\u016fm zaru\u010dit jejich pracovn\u00ed m\u00edsta a&nbsp;garantovat v\u00fd\u0161i jejich mzdy, kterou jsme nav\u00edc od ledna nav\u00fd\u0161ili. Trval\u00e9 zlep\u0161ov\u00e1n\u00ed pracovn\u00edch a&nbsp;mzdov\u00fdch podm\u00ednek zam\u011bstnanc\u016f je na\u0161\u00ed prioritou.\u201c<\/em><\/p>\n<p>BILLA z\u00e1rove\u0148 navy\u0161uje p\u0159\u00edsp\u011bvek v\u00a0r\u00e1mci sv\u00e9ho loaj\u00e1ln\u00edho programu z\u00a0500&nbsp;K\u010d na 750&nbsp;K\u010d m\u011bs\u00ed\u010dn\u011b pro zam\u011bstnance, kte\u0159\u00ed u&nbsp;firmy pracuj\u00ed d\u00e9le ne\u017e 2 roky. Zam\u011bstnanc\u016fm pracuj\u00edc\u00edm v\u00a0BILLE d\u00e9le, ne\u017e rok pak na benefitn\u00ed kart\u011b firma p\u0159isp\u011bje 500&nbsp;K\u010d. Vedle t\u011bchto benefit\u016f mohou zam\u011bstnanci vyu\u017e\u00edt i&nbsp;celou \u0159adu dal\u0161\u00edch v\u00fdhod, jako nap\u0159. slevy u&nbsp;obchodn\u00edch partner\u016f, zv\u00fdhodn\u011bn\u00e9 vstupn\u00e9 na kulturn\u00ed akce apod.<\/p>\n<p><strong>\u00a0<\/strong>B\u011bhem v\u00e1no\u010dn\u00edho obdob\u00ed d\u00e1le spole\u010dnost p\u0159edala sv\u00fdm zam\u011bstnanc\u016fm na prodejn\u00e1ch d\u00e1rkov\u00e9 v\u00e1no\u010dn\u00ed karty v\u00a0hodnot\u011b a\u017e 2\u00a0500&nbsp;K\u010d. \u201e<em>\u0160lo o\u00a0dal\u0161\u00ed pod\u011bkov\u00e1n\u00ed v\u0161em zam\u011bstnanc\u016fm za pr\u00e1ci ve zt\u00ed\u017een\u00fdch podm\u00ednk\u00e1ch v\u00a0pr\u016fb\u011bhu koronavirov\u00e9 pandemie. <\/em><em>V\u00a0pr\u016fb\u011bhu leto\u0161n\u00edho roku tak BILLA vyplatila sv\u00fdm zam\u011bstnanc\u016fm\u00a0mimo\u0159\u00e1dnou odm\u011bnu za jejich \u00fasil\u00ed p\u0159i zvl\u00e1d\u00e1n\u00ed koronavirov\u00e9 krize v\u00a0celkov\u00e9 v\u00fd\u0161i a\u017e 7&nbsp;000&nbsp;K\u010d na zam\u011bstnance,\u201c<\/em> dod\u00e1v\u00e1 \u0160\u00e1rka Brennerov\u00e1.<\/p>\n<p><strong>Pro v\u00edce informac\u00ed pros\u00edm kontaktujte:<br \/>\nDana Brat\u00e1nkov\u00e1<br \/>\nMana\u017eerka korpor\u00e1tn\u00ed komunikace \/ Tiskov\u00e1 mluv\u010d\u00ed<br \/>\nREWE GROUP \u010cesk\u00e1 republika, BILLA, spol. s\u00a0r. o.<br \/>\n<\/strong>Mobil: +420\u00a0606\u00a0099\u00a0607<strong><br \/>\n<\/strong>E-mail: <a href=\"mailto:d.bratankova@billa.cz\">d.bratankova@billa.cz<\/a><\/p>\n<p><strong>BILLA \u010cR<\/strong> je sou\u010d\u00e1st\u00ed skupiny REWE International AG. Na \u010desk\u00e9m trhu p\u016fsob\u00ed od roku 1991. S&nbsp;obratem ve\u00a0v\u00fd\u0161i p\u0159es 34\u00a0mld.\u00a0K\u010d (2019), s\u00a0241 prodejnami a&nbsp;v\u00edce ne\u017e 6\u00a0500 zam\u011bstnanci je BILLA l\u00eddrem na trhu supermarket\u016f. Na pr\u016fm\u011brn\u00e9 prodejn\u00ed plo\u0161e 900\u00a0m<sup>2<\/sup> nab\u00edz\u00ed \u0161irok\u00fd v\u00fdb\u011br produkt\u016f zn\u00e1m\u00fdch i&nbsp;priv\u00e1tn\u00edch zna\u010dek. Velk\u00fd d\u016fraz je kladen na \u010derstv\u00fd sortiment, jako jsou lah\u016fdky, pe\u010divo, ovoce a&nbsp;zelenina, ml\u00e9\u010dn\u00e9 produkty, maso a&nbsp;chlazen\u00e9 produkty.<\/p>\n<p>BILLA se soust\u0159ed\u00ed na podporu \u010desk\u00fdch producent\u016f, proto \u010desk\u00e9 potraviny tvo\u0159\u00ed ji\u017e 72\u00a0% jej\u00edho celkov\u00e9ho obratu. \u010cesk\u00e9 potraviny jsou tak\u00e9 sou\u010d\u00e1st\u00ed priv\u00e1tn\u00edch zna\u010dek \u0159et\u011bzce BILLA \u2013 Voc\u00edlka, \u010cesk\u00e1 farma, BILLA Na\u0161e bio, BILLA, BILLA Premium, BILLA Easy \u010di Clever.<\/p>\n<p><strong>REWE International AG<\/strong> je l\u00eddrem na rakousk\u00e9m trhu v&nbsp;oblasti prodeje potravinov\u00e9ho a&nbsp;drogistick\u00e9ho zbo\u017e\u00ed a\u00a0jedn\u00edm z\u00a0nejv\u011bt\u0161\u00edch zam\u011bstnavatel\u016f v&nbsp;Rakousku. Ve 3\u00a0694 prodejn\u00e1ch v&nbsp;Evrop\u011b zam\u011bstn\u00e1v\u00e1 t\u00e9m\u011b\u0159 80\u00a0000\u00a0pracovn\u00edk\u016f.<\/p>\n<p>REWE International AG je sou\u010d\u00e1st\u00ed n\u011bmeck\u00e9 REWE Group, kter\u00e1 p\u016fsob\u00ed ve 13 zem\u00edch Evropy a&nbsp;pat\u0159\u00ed k\u00a0nejv\u00fdznamn\u011bj\u0161\u00edm evropsk\u00fdm maloobchodn\u00edm skupin\u00e1m a&nbsp;prodejc\u016fm rodinn\u00fdch dovolen\u00fdch.<\/p>\n<p>REWE International AG se s\u00eddlem v\u00a0rakousk\u00e9m Wiener Neudorfu provozuje obchodn\u00ed spole\u010dnosti BILLA, MERKUR, PENNY, BIPA a\u00a0ADEG a\u00a0\u0159adu vlastn\u00edch produktov\u00fdch zna\u010dek. V\u00a0segmentu supermarket\u016f m\u00e1 prodejny v\u00a07\u00a0zem\u00edch st\u0159edn\u00ed a\u00a0v\u00fdchodn\u00ed Evropy.<\/p>\n<p>V\u00edce informac\u00ed na <a href=\"http:\/\/www.billa.cz\/\">http:\/\/www.billa.cz<\/a><\/p>\n<p>&nbsp;<\/p>\n","protected":false},"excerpt":{"rendered":"<p>K 1. lednu 2021 podepsala spole\u010dnost BILLA v r\u00e1mci dialogu s odborov\u00fdmi organizacemi kolektivn\u00ed smlouvu na dal\u0161\u00ed 2 roky. Pokra\u010duje tak ve zvy\u0161ov\u00e1n\u00ed \u00farovn\u011b pracovn\u00edch a mzdov\u00fdch podm\u00ednek sv\u00fdch zam\u011bstnanc\u016f a navy\u0161uje mzdy prodejn\u00edmu person\u00e1lu plo\u0161n\u011b o 3 %, v pr\u016fm\u011bru a\u017e o 5 %.<br \/>\nV roce 2020 nav\u00edc spole\u010dnost BILLA vyplatila zam\u011bstnanc\u016fm mimo\u0159\u00e1dn\u00e9 odm\u011bny v celkov\u00e9 v\u00fd\u0161i a\u017e 7 000 K\u010d na zam\u011bstnance, z toho a\u017e 2 500 K\u010d p\u0159ed V\u00e1nocemi.<\/p>\n","protected":false},"author":48,"featured_media":0,"menu_order":0,"template":"","meta":{"_links_to":"","_links_to_target":""},"pressroom_category":[],"pressroom_tag":[202],"class_list":["post-11075","pressroom","type-pressroom","status-publish","hentry","pressroom_tag-billa"],"yoast_head":"<!-- This site is optimized with the Yoast SEO plugin v27.1.1 - https:\/\/yoast.com\/product\/yoast-seo-wordpress\/ -->\n<title>Prodejn\u00ed person\u00e1l obchodn\u00edho \u0159et\u011bzce BILLA vstupuje do nov\u00e9ho roku s vy\u0161\u0161\u00edmi platy. Nav\u00fd\u0161en\u00ed \u010din\u00ed v pr\u016fm\u011bru a\u017e 5 % - Havas Prague<\/title>\n<meta name=\"robots\" content=\"index, follow, max-snippet:-1, max-image-preview:large, max-video-preview:-1\" \/>\n<link rel=\"canonical\" href=\"https:\/\/havas.cz\/pressroom\/prodejni-personal-obchodniho-retezce-billa-vstupuje-do-noveho-roku-s-vyssimi-platy-navyseni-cini-v-prumeru-az-5\/\" \/>\n<meta property=\"og:locale\" content=\"en_US\" \/>\n<meta property=\"og:type\" content=\"article\" \/>\n<meta property=\"og:title\" content=\"Prodejn\u00ed person\u00e1l obchodn\u00edho \u0159et\u011bzce BILLA vstupuje do nov\u00e9ho roku s vy\u0161\u0161\u00edmi platy. Nav\u00fd\u0161en\u00ed \u010din\u00ed v pr\u016fm\u011bru a\u017e 5 % - Havas Prague\" \/>\n<meta property=\"og:description\" content=\"K 1. lednu 2021 podepsala spole\u010dnost BILLA v r\u00e1mci dialogu s odborov\u00fdmi organizacemi kolektivn\u00ed smlouvu na dal\u0161\u00ed 2 roky. Pokra\u010duje tak ve zvy\u0161ov\u00e1n\u00ed \u00farovn\u011b pracovn\u00edch a mzdov\u00fdch podm\u00ednek sv\u00fdch zam\u011bstnanc\u016f a navy\u0161uje mzdy prodejn\u00edmu person\u00e1lu plo\u0161n\u011b o 3 %, v pr\u016fm\u011bru a\u017e o 5 %. V roce 2020 nav\u00edc spole\u010dnost BILLA vyplatila zam\u011bstnanc\u016fm mimo\u0159\u00e1dn\u00e9 odm\u011bny v celkov\u00e9 v\u00fd\u0161i a\u017e 7 000 K\u010d na zam\u011bstnance, z toho a\u017e 2 500 K\u010d p\u0159ed V\u00e1nocemi.\" \/>\n<meta property=\"og:url\" content=\"https:\/\/havas.cz\/pressroom\/prodejni-personal-obchodniho-retezce-billa-vstupuje-do-noveho-roku-s-vyssimi-platy-navyseni-cini-v-prumeru-az-5\/\" \/>\n<meta property=\"og:site_name\" content=\"Havas Prague\" \/>\n<meta property=\"article:modified_time\" content=\"2023-11-16T10:57:54+00:00\" \/>\n<meta name=\"twitter:card\" content=\"summary_large_image\" \/>\n<meta name=\"twitter:label1\" content=\"Est. reading time\" \/>\n\t<meta name=\"twitter:data1\" content=\"4 minutes\" \/>\n<script type=\"application\/ld+json\" class=\"yoast-schema-graph\">{\"@context\":\"https:\/\/schema.org\",\"@graph\":[{\"@type\":\"WebPage\",\"@id\":\"https:\/\/havas.cz\/pressroom\/prodejni-personal-obchodniho-retezce-billa-vstupuje-do-noveho-roku-s-vyssimi-platy-navyseni-cini-v-prumeru-az-5\/\",\"url\":\"https:\/\/havas.cz\/pressroom\/prodejni-personal-obchodniho-retezce-billa-vstupuje-do-noveho-roku-s-vyssimi-platy-navyseni-cini-v-prumeru-az-5\/\",\"name\":\"Prodejn\u00ed person\u00e1l obchodn\u00edho \u0159et\u011bzce BILLA vstupuje do nov\u00e9ho roku s vy\u0161\u0161\u00edmi platy. Nav\u00fd\u0161en\u00ed \u010din\u00ed v pr\u016fm\u011bru a\u017e 5 % - Havas Prague\",\"isPartOf\":{\"@id\":\"https:\/\/havas.cz\/#website\"},\"datePublished\":\"2021-01-15T09:19:23+00:00\",\"dateModified\":\"2023-11-16T10:57:54+00:00\",\"breadcrumb\":{\"@id\":\"https:\/\/havas.cz\/pressroom\/prodejni-personal-obchodniho-retezce-billa-vstupuje-do-noveho-roku-s-vyssimi-platy-navyseni-cini-v-prumeru-az-5\/#breadcrumb\"},\"inLanguage\":\"en-US\",\"potentialAction\":[{\"@type\":\"ReadAction\",\"target\":[\"https:\/\/havas.cz\/pressroom\/prodejni-personal-obchodniho-retezce-billa-vstupuje-do-noveho-roku-s-vyssimi-platy-navyseni-cini-v-prumeru-az-5\/\"]}]},{\"@type\":\"BreadcrumbList\",\"@id\":\"https:\/\/havas.cz\/pressroom\/prodejni-personal-obchodniho-retezce-billa-vstupuje-do-noveho-roku-s-vyssimi-platy-navyseni-cini-v-prumeru-az-5\/#breadcrumb\",\"itemListElement\":[{\"@type\":\"ListItem\",\"position\":1,\"name\":\"Dom\u016f\",\"item\":\"https:\/\/havas.cz\/en\/\"},{\"@type\":\"ListItem\",\"position\":2,\"name\":\"Pressroom\",\"item\":\"https:\/\/havas.cz\/pressroom\/\"},{\"@type\":\"ListItem\",\"position\":3,\"name\":\"Prodejn\u00ed person\u00e1l obchodn\u00edho \u0159et\u011bzce BILLA vstupuje do nov\u00e9ho roku s vy\u0161\u0161\u00edmi platy. Nav\u00fd\u0161en\u00ed \u010din\u00ed v pr\u016fm\u011bru a\u017e 5 %\"}]},{\"@type\":\"WebSite\",\"@id\":\"https:\/\/havas.cz\/#website\",\"url\":\"https:\/\/havas.cz\/\",\"name\":\"Havas Prague\",\"description\":\"Agentura Havas Prague. Vytv\u00e1\u0159\u00edme smyslupln\u00e1 spojen\u00ed mezi zna\u010dkami a spot\u0159ebiteli.\",\"potentialAction\":[{\"@type\":\"SearchAction\",\"target\":{\"@type\":\"EntryPoint\",\"urlTemplate\":\"https:\/\/havas.cz\/?s={search_term_string}\"},\"query-input\":{\"@type\":\"PropertyValueSpecification\",\"valueRequired\":true,\"valueName\":\"search_term_string\"}}],\"inLanguage\":\"en-US\"}]}<\/script>\n<!-- \/ Yoast SEO plugin. -->","yoast_head_json":{"title":"Prodejn\u00ed person\u00e1l obchodn\u00edho \u0159et\u011bzce BILLA vstupuje do nov\u00e9ho roku s vy\u0161\u0161\u00edmi platy. Nav\u00fd\u0161en\u00ed \u010din\u00ed v pr\u016fm\u011bru a\u017e 5 % - Havas Prague","robots":{"index":"index","follow":"follow","max-snippet":"max-snippet:-1","max-image-preview":"max-image-preview:large","max-video-preview":"max-video-preview:-1"},"canonical":"https:\/\/havas.cz\/pressroom\/prodejni-personal-obchodniho-retezce-billa-vstupuje-do-noveho-roku-s-vyssimi-platy-navyseni-cini-v-prumeru-az-5\/","og_locale":"en_US","og_type":"article","og_title":"Prodejn\u00ed person\u00e1l obchodn\u00edho \u0159et\u011bzce BILLA vstupuje do nov\u00e9ho roku s vy\u0161\u0161\u00edmi platy. Nav\u00fd\u0161en\u00ed \u010din\u00ed v pr\u016fm\u011bru a\u017e 5 % - Havas Prague","og_description":"K 1. lednu 2021 podepsala spole\u010dnost BILLA v r\u00e1mci dialogu s odborov\u00fdmi organizacemi kolektivn\u00ed smlouvu na dal\u0161\u00ed 2 roky. Pokra\u010duje tak ve zvy\u0161ov\u00e1n\u00ed \u00farovn\u011b pracovn\u00edch a mzdov\u00fdch podm\u00ednek sv\u00fdch zam\u011bstnanc\u016f a navy\u0161uje mzdy prodejn\u00edmu person\u00e1lu plo\u0161n\u011b o 3 %, v pr\u016fm\u011bru a\u017e o 5 %. V roce 2020 nav\u00edc spole\u010dnost BILLA vyplatila zam\u011bstnanc\u016fm mimo\u0159\u00e1dn\u00e9 odm\u011bny v celkov\u00e9 v\u00fd\u0161i a\u017e 7 000 K\u010d na zam\u011bstnance, z toho a\u017e 2 500 K\u010d p\u0159ed V\u00e1nocemi.","og_url":"https:\/\/havas.cz\/pressroom\/prodejni-personal-obchodniho-retezce-billa-vstupuje-do-noveho-roku-s-vyssimi-platy-navyseni-cini-v-prumeru-az-5\/","og_site_name":"Havas Prague","article_modified_time":"2023-11-16T10:57:54+00:00","twitter_card":"summary_large_image","twitter_misc":{"Est. reading time":"4 minutes"},"schema":{"@context":"https:\/\/schema.org","@graph":[{"@type":"WebPage","@id":"https:\/\/havas.cz\/pressroom\/prodejni-personal-obchodniho-retezce-billa-vstupuje-do-noveho-roku-s-vyssimi-platy-navyseni-cini-v-prumeru-az-5\/","url":"https:\/\/havas.cz\/pressroom\/prodejni-personal-obchodniho-retezce-billa-vstupuje-do-noveho-roku-s-vyssimi-platy-navyseni-cini-v-prumeru-az-5\/","name":"Prodejn\u00ed person\u00e1l obchodn\u00edho \u0159et\u011bzce BILLA vstupuje do nov\u00e9ho roku s vy\u0161\u0161\u00edmi platy. Nav\u00fd\u0161en\u00ed \u010din\u00ed v pr\u016fm\u011bru a\u017e 5 % - Havas Prague","isPartOf":{"@id":"https:\/\/havas.cz\/#website"},"datePublished":"2021-01-15T09:19:23+00:00","dateModified":"2023-11-16T10:57:54+00:00","breadcrumb":{"@id":"https:\/\/havas.cz\/pressroom\/prodejni-personal-obchodniho-retezce-billa-vstupuje-do-noveho-roku-s-vyssimi-platy-navyseni-cini-v-prumeru-az-5\/#breadcrumb"},"inLanguage":"en-US","potentialAction":[{"@type":"ReadAction","target":["https:\/\/havas.cz\/pressroom\/prodejni-personal-obchodniho-retezce-billa-vstupuje-do-noveho-roku-s-vyssimi-platy-navyseni-cini-v-prumeru-az-5\/"]}]},{"@type":"BreadcrumbList","@id":"https:\/\/havas.cz\/pressroom\/prodejni-personal-obchodniho-retezce-billa-vstupuje-do-noveho-roku-s-vyssimi-platy-navyseni-cini-v-prumeru-az-5\/#breadcrumb","itemListElement":[{"@type":"ListItem","position":1,"name":"Dom\u016f","item":"https:\/\/havas.cz\/en\/"},{"@type":"ListItem","position":2,"name":"Pressroom","item":"https:\/\/havas.cz\/pressroom\/"},{"@type":"ListItem","position":3,"name":"Prodejn\u00ed person\u00e1l obchodn\u00edho \u0159et\u011bzce BILLA vstupuje do nov\u00e9ho roku s vy\u0161\u0161\u00edmi platy. Nav\u00fd\u0161en\u00ed \u010din\u00ed v pr\u016fm\u011bru a\u017e 5 %"}]},{"@type":"WebSite","@id":"https:\/\/havas.cz\/#website","url":"https:\/\/havas.cz\/","name":"Havas Prague","description":"Agentura Havas Prague. Vytv\u00e1\u0159\u00edme smyslupln\u00e1 spojen\u00ed mezi zna\u010dkami a spot\u0159ebiteli.","potentialAction":[{"@type":"SearchAction","target":{"@type":"EntryPoint","urlTemplate":"https:\/\/havas.cz\/?s={search_term_string}"},"query-input":{"@type":"PropertyValueSpecification","valueRequired":true,"valueName":"search_term_string"}}],"inLanguage":"en-US"}]}},"_links":{"self":[{"href":"https:\/\/havas.cz\/en\/wp-json\/wp\/v2\/pressroom\/11075","targetHints":{"allow":["GET"]}}],"collection":[{"href":"https:\/\/havas.cz\/en\/wp-json\/wp\/v2\/pressroom"}],"about":[{"href":"https:\/\/havas.cz\/en\/wp-json\/wp\/v2\/types\/pressroom"}],"author":[{"embeddable":true,"href":"https:\/\/havas.cz\/en\/wp-json\/wp\/v2\/users\/48"}],"wp:attachment":[{"href":"https:\/\/havas.cz\/en\/wp-json\/wp\/v2\/media?parent=11075"}],"wp:term":[{"taxonomy":"pressroom_category","embeddable":true,"href":"https:\/\/havas.cz\/en\/wp-json\/wp\/v2\/pressroom_category?post=11075"},{"taxonomy":"pressroom_tag","embeddable":true,"href":"https:\/\/havas.cz\/en\/wp-json\/wp\/v2\/pressroom_tag?post=11075"}],"curies":[{"name":"wp","href":"https:\/\/api.w.org\/{rel}","templated":true}]}}