{"id":13084,"date":"2021-09-10T11:50:15","date_gmt":"2021-09-10T09:50:15","guid":{"rendered":"https:\/\/havas.cz\/?post_type=pressroom&#038;p=13084"},"modified":"2021-09-10T11:50:15","modified_gmt":"2021-09-10T09:50:15","slug":"spolecnost-billa-cr-slavi-30-vyroci-oznamuje-zmenu-na-pozici-generalniho-reditele-a-vstup-na-online-trh-s-potravinami","status":"publish","type":"pressroom","link":"https:\/\/havas.cz\/en\/pressroom\/spolecnost-billa-cr-slavi-30-vyroci-oznamuje-zmenu-na-pozici-generalniho-reditele-a-vstup-na-online-trh-s-potravinami\/","title":{"rendered":"Spole\u010dnost BILLA \u010cR slav\u00ed 30. v\u00fdro\u010d\u00ed. Oznamuje zm\u011bnu na pozici gener\u00e1ln\u00edho \u0159editele a vstup na online trh s potravinami"},"content":{"rendered":"<p>Spole\u010dnost BILLA v\u00a0leto\u0161n\u00edm roce slav\u00ed 30 let od sv\u00e9ho vstupu na \u010desk\u00fd trh. Za dobu sv\u00e9ho p\u016fsoben\u00ed se stala jedni\u010dkou mezi supermarkety a&nbsp;ikonou, kter\u00e1 ve sv\u00e9m segmentu po cel\u00fdch t\u0159icet let ud\u00e1vala v\u00a0mnoh\u00fdch oblastech sm\u011br. Pro mate\u0159skou skupinu REWE Group, kter\u00e1 spole\u010dnost BILLA vlastn\u00ed, je \u010cesk\u00e1 republika takzvan\u00fdm t\u0159et\u00edm domovsk\u00fdm trhem. Skupina REWE se zam\u011b\u0159uje na optim\u00e1ln\u00ed rozvoj a&nbsp;r\u016fst sv\u00fdch domovsk\u00fdch trh\u016f &#8211; se zvl\u00e1\u0161tn\u00edm d\u016frazem na siln\u00fd rozvoj v&nbsp;\u010cesk\u00e9 republice jako typick\u00e9ho \u010desk\u00e9ho supermarketu.<\/p>\n<p>V\u00a0r\u00e1mci oslav 30. v\u00fdro\u010d\u00ed spole\u010dnosti doch\u00e1z\u00ed k\u00a0v\u00fdznamn\u00e9 zm\u011bn\u011b na pozici gener\u00e1ln\u00edho \u0159editele. Nov\u00fdm gener\u00e1ln\u00edm \u0159editelem spole\u010dnosti BILLA \u010cR se od 1.&nbsp;z\u00e1\u0159\u00ed 2021 st\u00e1v\u00e1 Dariusz Tomasz Bator, kter\u00fd doposud vedl BILLA Slovensk\u00e1 republika. Dlouholet\u00fd gener\u00e1ln\u00ed \u0159editel Jaroslaw Szczypka, kter\u00fd vedl spole\u010dnost BILLA CZ od roku 1993, se p\u0159esouv\u00e1 do REWE Group ve V\u00eddni. Se zm\u011bnou ve veden\u00ed spole\u010dnost BILLA \u010cR startuje novou dek\u00e1du s\u00a0je\u0161t\u011b vy\u0161\u0161\u00edmi ambicemi a&nbsp;pl\u00e1ny do budoucna. \u201e<em>BILLA z\u016fst\u00e1v\u00e1 i&nbsp;do dal\u0161\u00ed dek\u00e1dy modern\u00edm supermarketem se zam\u011b\u0159en\u00edm na zdrav\u00fd \u017eivotn\u00ed styl s&nbsp;\u0161irokou nab\u00eddkou kvalitn\u00edch a&nbsp;\u010derstv\u00fdch potravin p\u0159ev\u00e1\u017een\u011b od tuzemsk\u00fdch dodavatel\u016f a&nbsp;100% servisem pro z\u00e1kazn\u00edka,\u201c <\/em>\u0159\u00edk\u00e1 Dariusz Tomasz Bator, gener\u00e1ln\u00ed \u0159editel BILLA \u010cR.<\/p>\n<p><u>Vstup do online byznysu<br \/>\n<\/u>Prvn\u00edm v\u00fdznamn\u00fdm krokem, kter\u00fd Dariusz Tomasz Bator ozn\u00e1mil je, \u017ee BILLA v\u00a0roce 2022 vstoup\u00ed na trh potravin online. Nab\u00eddne z\u00e1kazn\u00edkovi prvot\u0159\u00eddn\u00ed slu\u017ebu s\u00a0v\u00fdb\u011brem z\u00a0a\u017e 15\u00a0000 artikl\u016f a&nbsp;mo\u017enost\u00ed doru\u010den\u00ed p\u0159\u00edmo dom\u016f nebo vyzvednut\u00edm v\u00a0\u0161irok\u00e9 s\u00edti v\u00edce ne\u017e 240 prodejen BILLA.<\/p>\n<p><em>\u00a0<\/em><em>\u201eVstupem na online trh reagujeme p\u0159irozen\u011b na po\u017eadavky \u010desk\u00fdch z\u00e1kazn\u00edk\u016f. Chceme jim umo\u017enit rychl\u00fd a\u00a0bezpe\u010dn\u00fd n\u00e1kup z\u00a0pohodl\u00ed jejich domov\u016f. Slu\u017ebu nicm\u00e9n\u011b zavedeme a\u017e v\u00a0roce 2022, abychom online shop p\u0159ipravili co nejprecizn\u011bji. Rychl\u00e1 a&nbsp;polovi\u010dat\u00e1 \u0159e\u0161en\u00ed BILLA nenab\u00edz\u00ed. Na\u0161\u00edm c\u00edlem je st\u00e1t se do budoucna jedni\u010dkou na trhu potravin online,<\/em>\u201c \u0159\u00edk\u00e1 Dariusz Tomasz Bator.<\/p>\n<p><u>V\u00fdrazn\u00e1 digitalizace<br \/>\n<\/u>Krom\u011b vstupu na online trh spole\u010dnost bude i&nbsp;nad\u00e1le pokra\u010dovat v&nbsp;pl\u00e1novan\u00e9 expanzi a\u00a0digitalizaci prodejen. Pl\u00e1nuje roz\u0161i\u0159ov\u00e1n\u00ed s\u00edt\u011b samoobslu\u017en\u00fdch pokladen, instalaci elektronick\u00fdch cenovek a&nbsp;zaveden\u00ed BILLA Scan&amp;Go.<\/p>\n<p><u>Nov\u00e9 provozn\u00ed form\u00e1ty<br \/>\n<\/u>Pod veden\u00edm nov\u00e9ho gener\u00e1ln\u00edho \u0159editele bude BILLA d\u00e1le pokra\u010dovat v\u00a0roz\u0161i\u0159ov\u00e1n\u00ed s\u00edt\u011b maloform\u00e1tov\u00fdch prodejen ve\u00a0m\u011bstech do 3\u00a0000 obyvatel a&nbsp;pl\u00e1nuje i&nbsp;roz\u0161i\u0159ov\u00e1n\u00ed partnersk\u00fdch model\u016f jako nap\u0159\u00edklad BILLA stop&amp;shop na \u010derpac\u00edch stanic\u00edch Shell.<\/p>\n<p>V\u00a0oblasti udr\u017eitelnosti se spole\u010dnost BILLA zavazuje, v\u00a0souladu s\u00a0c\u00edli mate\u0159sk\u00e9 REWE Group, dos\u00e1hnout uhl\u00edkov\u00e9 neutrality do konce roku 2040. Sklen\u00edkov\u00e9 plyny pl\u00e1nuje \u0159et\u011bzec sn\u00ed\u017eit o\u00a030&nbsp;% do roku 2030.<\/p>\n<p>Informace o&nbsp;nov\u00e9m gener\u00e1ln\u00edm \u0159editeli BILLA \u010cesk\u00e1 republika:<\/p>\n<p><strong>Dariusz Tomasz Bator (55)<br \/>\n<\/strong>Poch\u00e1z\u00ed z&nbsp;Polska, kde vystudoval zem\u011bd\u011blskou a&nbsp;ekonomickou univerzitu. Na svoji pozici se vypracoval b\u011bhem 11let\u00e9 kari\u00e9ry, kterou za\u010d\u00ednal jako vedouc\u00ed prodejny. Dva roky p\u016fsobil v&nbsp;Rusku ve spole\u010dnosti X5 Retail Group na pozic\u00edch region\u00e1ln\u00edho a&nbsp;n\u00e1sledn\u011b i&nbsp;gener\u00e1ln\u00edho \u0159editele. Dvan\u00e1ct let p\u016fsobil ve spole\u010dnosti Tesco Polsko, kde byl jako v\u00fdkonn\u00fd \u0159editel odpov\u011bdn\u00fd za rozvoj, sortimentn\u00ed a&nbsp;cenovou politiku 290 supermarket\u016f. V&nbsp;roce 2014 se stal gener\u00e1ln\u00edm \u0159editelem Billa Slovensk\u00e1 republika, kde s\u00ed\u0165 supermarket\u016f BILLA \u00fasp\u011b\u0161n\u011b \u0159\u00eddil a\u017e do b\u0159ezna tohoto roku. Od 1. 9. 2021 ofici\u00e1ln\u011b p\u0159ebral veden\u00ed BILLA \u010cesk\u00e1 republika a&nbsp;stal se gener\u00e1ln\u00edm \u0159editelem spole\u010dnosti.<\/p>\n","protected":false},"excerpt":{"rendered":"<p>Spole\u010dnost BILLA slav\u00ed 30. v\u00fdro\u010d\u00ed od sv\u00e9ho vstupu na \u010desk\u00fd trh v roce 1991. Do dal\u0161\u00ed dek\u00e1dy vstupuje s nov\u00fdm gener\u00e1ln\u00edm \u0159editelem, j\u00edm\u017e se st\u00e1v\u00e1 Dariusz Tomasz Bator. V dal\u0161\u00edch letech se bude je\u0161t\u011b v\u00edce soust\u0159edit na oblast p\u00e9\u010de o z\u00e1kazn\u00edka, zam\u011bstnaneckou politiku a udr\u017eiteln\u00fd rozvoj. <\/p>\n","protected":false},"author":48,"featured_media":13093,"menu_order":0,"template":"","meta":{"_links_to":"","_links_to_target":""},"pressroom_category":[],"pressroom_tag":[202],"class_list":["post-13084","pressroom","type-pressroom","status-publish","has-post-thumbnail","hentry","pressroom_tag-billa"],"yoast_head":"<!-- This site is optimized with the Yoast SEO plugin v27.1.1 - https:\/\/yoast.com\/product\/yoast-seo-wordpress\/ -->\n<title>Spole\u010dnost BILLA \u010cR slav\u00ed 30. v\u00fdro\u010d\u00ed. Oznamuje zm\u011bnu na pozici gener\u00e1ln\u00edho \u0159editele a vstup na online trh s potravinami - Havas Prague<\/title>\n<meta name=\"description\" content=\"Spole\u010dnost BILLA slav\u00ed 30. v\u00fdro\u010d\u00ed od sv\u00e9ho vstupu na \u010desk\u00fd trh v roce 1991. Do dal\u0161\u00ed dek\u00e1dy vstupuje s nov\u00fdm gener\u00e1ln\u00edm \u0159editelem, j\u00edm\u017e se st\u00e1v\u00e1 Dariusz Tomasz Bator. V dal\u0161\u00edch letech se bude je\u0161t\u011b v\u00edce soust\u0159edit na oblast p\u00e9\u010de o z\u00e1kazn\u00edka, zam\u011bstnaneckou politiku a udr\u017eiteln\u00fd rozvoj.\" \/>\n<meta name=\"robots\" content=\"index, follow, max-snippet:-1, max-image-preview:large, max-video-preview:-1\" \/>\n<link rel=\"canonical\" href=\"https:\/\/havas.cz\/en\/pressroom\/spolecnost-billa-cr-slavi-30-vyroci-oznamuje-zmenu-na-pozici-generalniho-reditele-a-vstup-na-online-trh-s-potravinami\/\" \/>\n<meta property=\"og:locale\" content=\"en_US\" \/>\n<meta property=\"og:type\" content=\"article\" \/>\n<meta property=\"og:title\" content=\"Spole\u010dnost BILLA \u010cR slav\u00ed 30. v\u00fdro\u010d\u00ed. Oznamuje zm\u011bnu na pozici gener\u00e1ln\u00edho \u0159editele a vstup na online trh s potravinami - Havas Prague\" \/>\n<meta property=\"og:description\" content=\"Spole\u010dnost BILLA slav\u00ed 30. v\u00fdro\u010d\u00ed od sv\u00e9ho vstupu na \u010desk\u00fd trh v roce 1991. Do dal\u0161\u00ed dek\u00e1dy vstupuje s nov\u00fdm gener\u00e1ln\u00edm \u0159editelem, j\u00edm\u017e se st\u00e1v\u00e1 Dariusz Tomasz Bator. V dal\u0161\u00edch letech se bude je\u0161t\u011b v\u00edce soust\u0159edit na oblast p\u00e9\u010de o z\u00e1kazn\u00edka, zam\u011bstnaneckou politiku a udr\u017eiteln\u00fd rozvoj.\" \/>\n<meta property=\"og:url\" content=\"https:\/\/havas.cz\/en\/pressroom\/spolecnost-billa-cr-slavi-30-vyroci-oznamuje-zmenu-na-pozici-generalniho-reditele-a-vstup-na-online-trh-s-potravinami\/\" \/>\n<meta property=\"og:site_name\" content=\"Havas Prague\" \/>\n<meta property=\"og:image\" content=\"https:\/\/havas.cz\/wp-content\/uploads\/2021\/09\/1200x600-tod6897.jpg\" \/>\n\t<meta property=\"og:image:width\" content=\"1200\" \/>\n\t<meta property=\"og:image:height\" content=\"600\" \/>\n\t<meta property=\"og:image:type\" content=\"image\/jpeg\" \/>\n<meta name=\"twitter:card\" content=\"summary_large_image\" \/>\n<meta name=\"twitter:label1\" content=\"Est. reading time\" \/>\n\t<meta name=\"twitter:data1\" content=\"3 minutes\" \/>\n<script type=\"application\/ld+json\" class=\"yoast-schema-graph\">{\"@context\":\"https:\/\/schema.org\",\"@graph\":[{\"@type\":\"WebPage\",\"@id\":\"https:\/\/havas.cz\/en\/pressroom\/spolecnost-billa-cr-slavi-30-vyroci-oznamuje-zmenu-na-pozici-generalniho-reditele-a-vstup-na-online-trh-s-potravinami\/\",\"url\":\"https:\/\/havas.cz\/en\/pressroom\/spolecnost-billa-cr-slavi-30-vyroci-oznamuje-zmenu-na-pozici-generalniho-reditele-a-vstup-na-online-trh-s-potravinami\/\",\"name\":\"Spole\u010dnost BILLA \u010cR slav\u00ed 30. v\u00fdro\u010d\u00ed. Oznamuje zm\u011bnu na pozici gener\u00e1ln\u00edho \u0159editele a vstup na online trh s potravinami - Havas Prague\",\"isPartOf\":{\"@id\":\"https:\/\/havas.cz\/#website\"},\"primaryImageOfPage\":{\"@id\":\"https:\/\/havas.cz\/en\/pressroom\/spolecnost-billa-cr-slavi-30-vyroci-oznamuje-zmenu-na-pozici-generalniho-reditele-a-vstup-na-online-trh-s-potravinami\/#primaryimage\"},\"image\":{\"@id\":\"https:\/\/havas.cz\/en\/pressroom\/spolecnost-billa-cr-slavi-30-vyroci-oznamuje-zmenu-na-pozici-generalniho-reditele-a-vstup-na-online-trh-s-potravinami\/#primaryimage\"},\"thumbnailUrl\":\"https:\/\/havas.cz\/wp-content\/uploads\/2021\/09\/1200x600-tod6897.jpg\",\"datePublished\":\"2021-09-10T09:50:15+00:00\",\"description\":\"Spole\u010dnost BILLA slav\u00ed 30. v\u00fdro\u010d\u00ed od sv\u00e9ho vstupu na \u010desk\u00fd trh v roce 1991. Do dal\u0161\u00ed dek\u00e1dy vstupuje s nov\u00fdm gener\u00e1ln\u00edm \u0159editelem, j\u00edm\u017e se st\u00e1v\u00e1 Dariusz Tomasz Bator. V dal\u0161\u00edch letech se bude je\u0161t\u011b v\u00edce soust\u0159edit na oblast p\u00e9\u010de o z\u00e1kazn\u00edka, zam\u011bstnaneckou politiku a udr\u017eiteln\u00fd rozvoj.\",\"breadcrumb\":{\"@id\":\"https:\/\/havas.cz\/en\/pressroom\/spolecnost-billa-cr-slavi-30-vyroci-oznamuje-zmenu-na-pozici-generalniho-reditele-a-vstup-na-online-trh-s-potravinami\/#breadcrumb\"},\"inLanguage\":\"en-US\",\"potentialAction\":[{\"@type\":\"ReadAction\",\"target\":[\"https:\/\/havas.cz\/en\/pressroom\/spolecnost-billa-cr-slavi-30-vyroci-oznamuje-zmenu-na-pozici-generalniho-reditele-a-vstup-na-online-trh-s-potravinami\/\"]}]},{\"@type\":\"ImageObject\",\"inLanguage\":\"en-US\",\"@id\":\"https:\/\/havas.cz\/en\/pressroom\/spolecnost-billa-cr-slavi-30-vyroci-oznamuje-zmenu-na-pozici-generalniho-reditele-a-vstup-na-online-trh-s-potravinami\/#primaryimage\",\"url\":\"https:\/\/havas.cz\/wp-content\/uploads\/2021\/09\/1200x600-tod6897.jpg\",\"contentUrl\":\"https:\/\/havas.cz\/wp-content\/uploads\/2021\/09\/1200x600-tod6897.jpg\",\"width\":1200,\"height\":600},{\"@type\":\"BreadcrumbList\",\"@id\":\"https:\/\/havas.cz\/en\/pressroom\/spolecnost-billa-cr-slavi-30-vyroci-oznamuje-zmenu-na-pozici-generalniho-reditele-a-vstup-na-online-trh-s-potravinami\/#breadcrumb\",\"itemListElement\":[{\"@type\":\"ListItem\",\"position\":1,\"name\":\"Dom\u016f\",\"item\":\"https:\/\/havas.cz\/en\/\"},{\"@type\":\"ListItem\",\"position\":2,\"name\":\"Pressroom\",\"item\":\"https:\/\/havas.cz\/pressroom\/\"},{\"@type\":\"ListItem\",\"position\":3,\"name\":\"Spole\u010dnost BILLA \u010cR slav\u00ed 30. v\u00fdro\u010d\u00ed. Oznamuje zm\u011bnu na pozici gener\u00e1ln\u00edho \u0159editele a vstup na online trh s potravinami\"}]},{\"@type\":\"WebSite\",\"@id\":\"https:\/\/havas.cz\/#website\",\"url\":\"https:\/\/havas.cz\/\",\"name\":\"Havas Prague\",\"description\":\"Agentura Havas Prague. Vytv\u00e1\u0159\u00edme smyslupln\u00e1 spojen\u00ed mezi zna\u010dkami a spot\u0159ebiteli.\",\"potentialAction\":[{\"@type\":\"SearchAction\",\"target\":{\"@type\":\"EntryPoint\",\"urlTemplate\":\"https:\/\/havas.cz\/?s={search_term_string}\"},\"query-input\":{\"@type\":\"PropertyValueSpecification\",\"valueRequired\":true,\"valueName\":\"search_term_string\"}}],\"inLanguage\":\"en-US\"}]}<\/script>\n<!-- \/ Yoast SEO plugin. -->","yoast_head_json":{"title":"Spole\u010dnost BILLA \u010cR slav\u00ed 30. v\u00fdro\u010d\u00ed. Oznamuje zm\u011bnu na pozici gener\u00e1ln\u00edho \u0159editele a vstup na online trh s potravinami - Havas Prague","description":"Spole\u010dnost BILLA slav\u00ed 30. v\u00fdro\u010d\u00ed od sv\u00e9ho vstupu na \u010desk\u00fd trh v roce 1991. Do dal\u0161\u00ed dek\u00e1dy vstupuje s nov\u00fdm gener\u00e1ln\u00edm \u0159editelem, j\u00edm\u017e se st\u00e1v\u00e1 Dariusz Tomasz Bator. V dal\u0161\u00edch letech se bude je\u0161t\u011b v\u00edce soust\u0159edit na oblast p\u00e9\u010de o z\u00e1kazn\u00edka, zam\u011bstnaneckou politiku a udr\u017eiteln\u00fd rozvoj.","robots":{"index":"index","follow":"follow","max-snippet":"max-snippet:-1","max-image-preview":"max-image-preview:large","max-video-preview":"max-video-preview:-1"},"canonical":"https:\/\/havas.cz\/en\/pressroom\/spolecnost-billa-cr-slavi-30-vyroci-oznamuje-zmenu-na-pozici-generalniho-reditele-a-vstup-na-online-trh-s-potravinami\/","og_locale":"en_US","og_type":"article","og_title":"Spole\u010dnost BILLA \u010cR slav\u00ed 30. v\u00fdro\u010d\u00ed. Oznamuje zm\u011bnu na pozici gener\u00e1ln\u00edho \u0159editele a vstup na online trh s potravinami - Havas Prague","og_description":"Spole\u010dnost BILLA slav\u00ed 30. v\u00fdro\u010d\u00ed od sv\u00e9ho vstupu na \u010desk\u00fd trh v roce 1991. Do dal\u0161\u00ed dek\u00e1dy vstupuje s nov\u00fdm gener\u00e1ln\u00edm \u0159editelem, j\u00edm\u017e se st\u00e1v\u00e1 Dariusz Tomasz Bator. V dal\u0161\u00edch letech se bude je\u0161t\u011b v\u00edce soust\u0159edit na oblast p\u00e9\u010de o z\u00e1kazn\u00edka, zam\u011bstnaneckou politiku a udr\u017eiteln\u00fd rozvoj.","og_url":"https:\/\/havas.cz\/en\/pressroom\/spolecnost-billa-cr-slavi-30-vyroci-oznamuje-zmenu-na-pozici-generalniho-reditele-a-vstup-na-online-trh-s-potravinami\/","og_site_name":"Havas Prague","og_image":[{"width":1200,"height":600,"url":"https:\/\/havas.cz\/wp-content\/uploads\/2021\/09\/1200x600-tod6897.jpg","type":"image\/jpeg"}],"twitter_card":"summary_large_image","twitter_misc":{"Est. reading time":"3 minutes"},"schema":{"@context":"https:\/\/schema.org","@graph":[{"@type":"WebPage","@id":"https:\/\/havas.cz\/en\/pressroom\/spolecnost-billa-cr-slavi-30-vyroci-oznamuje-zmenu-na-pozici-generalniho-reditele-a-vstup-na-online-trh-s-potravinami\/","url":"https:\/\/havas.cz\/en\/pressroom\/spolecnost-billa-cr-slavi-30-vyroci-oznamuje-zmenu-na-pozici-generalniho-reditele-a-vstup-na-online-trh-s-potravinami\/","name":"Spole\u010dnost BILLA \u010cR slav\u00ed 30. v\u00fdro\u010d\u00ed. Oznamuje zm\u011bnu na pozici gener\u00e1ln\u00edho \u0159editele a vstup na online trh s potravinami - Havas Prague","isPartOf":{"@id":"https:\/\/havas.cz\/#website"},"primaryImageOfPage":{"@id":"https:\/\/havas.cz\/en\/pressroom\/spolecnost-billa-cr-slavi-30-vyroci-oznamuje-zmenu-na-pozici-generalniho-reditele-a-vstup-na-online-trh-s-potravinami\/#primaryimage"},"image":{"@id":"https:\/\/havas.cz\/en\/pressroom\/spolecnost-billa-cr-slavi-30-vyroci-oznamuje-zmenu-na-pozici-generalniho-reditele-a-vstup-na-online-trh-s-potravinami\/#primaryimage"},"thumbnailUrl":"https:\/\/havas.cz\/wp-content\/uploads\/2021\/09\/1200x600-tod6897.jpg","datePublished":"2021-09-10T09:50:15+00:00","description":"Spole\u010dnost BILLA slav\u00ed 30. v\u00fdro\u010d\u00ed od sv\u00e9ho vstupu na \u010desk\u00fd trh v roce 1991. Do dal\u0161\u00ed dek\u00e1dy vstupuje s nov\u00fdm gener\u00e1ln\u00edm \u0159editelem, j\u00edm\u017e se st\u00e1v\u00e1 Dariusz Tomasz Bator. V dal\u0161\u00edch letech se bude je\u0161t\u011b v\u00edce soust\u0159edit na oblast p\u00e9\u010de o z\u00e1kazn\u00edka, zam\u011bstnaneckou politiku a udr\u017eiteln\u00fd rozvoj.","breadcrumb":{"@id":"https:\/\/havas.cz\/en\/pressroom\/spolecnost-billa-cr-slavi-30-vyroci-oznamuje-zmenu-na-pozici-generalniho-reditele-a-vstup-na-online-trh-s-potravinami\/#breadcrumb"},"inLanguage":"en-US","potentialAction":[{"@type":"ReadAction","target":["https:\/\/havas.cz\/en\/pressroom\/spolecnost-billa-cr-slavi-30-vyroci-oznamuje-zmenu-na-pozici-generalniho-reditele-a-vstup-na-online-trh-s-potravinami\/"]}]},{"@type":"ImageObject","inLanguage":"en-US","@id":"https:\/\/havas.cz\/en\/pressroom\/spolecnost-billa-cr-slavi-30-vyroci-oznamuje-zmenu-na-pozici-generalniho-reditele-a-vstup-na-online-trh-s-potravinami\/#primaryimage","url":"https:\/\/havas.cz\/wp-content\/uploads\/2021\/09\/1200x600-tod6897.jpg","contentUrl":"https:\/\/havas.cz\/wp-content\/uploads\/2021\/09\/1200x600-tod6897.jpg","width":1200,"height":600},{"@type":"BreadcrumbList","@id":"https:\/\/havas.cz\/en\/pressroom\/spolecnost-billa-cr-slavi-30-vyroci-oznamuje-zmenu-na-pozici-generalniho-reditele-a-vstup-na-online-trh-s-potravinami\/#breadcrumb","itemListElement":[{"@type":"ListItem","position":1,"name":"Dom\u016f","item":"https:\/\/havas.cz\/en\/"},{"@type":"ListItem","position":2,"name":"Pressroom","item":"https:\/\/havas.cz\/pressroom\/"},{"@type":"ListItem","position":3,"name":"Spole\u010dnost BILLA \u010cR slav\u00ed 30. v\u00fdro\u010d\u00ed. Oznamuje zm\u011bnu na pozici gener\u00e1ln\u00edho \u0159editele a vstup na online trh s potravinami"}]},{"@type":"WebSite","@id":"https:\/\/havas.cz\/#website","url":"https:\/\/havas.cz\/","name":"Havas Prague","description":"Agentura Havas Prague. Vytv\u00e1\u0159\u00edme smyslupln\u00e1 spojen\u00ed mezi zna\u010dkami a spot\u0159ebiteli.","potentialAction":[{"@type":"SearchAction","target":{"@type":"EntryPoint","urlTemplate":"https:\/\/havas.cz\/?s={search_term_string}"},"query-input":{"@type":"PropertyValueSpecification","valueRequired":true,"valueName":"search_term_string"}}],"inLanguage":"en-US"}]}},"_links":{"self":[{"href":"https:\/\/havas.cz\/en\/wp-json\/wp\/v2\/pressroom\/13084","targetHints":{"allow":["GET"]}}],"collection":[{"href":"https:\/\/havas.cz\/en\/wp-json\/wp\/v2\/pressroom"}],"about":[{"href":"https:\/\/havas.cz\/en\/wp-json\/wp\/v2\/types\/pressroom"}],"author":[{"embeddable":true,"href":"https:\/\/havas.cz\/en\/wp-json\/wp\/v2\/users\/48"}],"wp:featuredmedia":[{"embeddable":true,"href":"https:\/\/havas.cz\/en\/wp-json\/wp\/v2\/media\/13093"}],"wp:attachment":[{"href":"https:\/\/havas.cz\/en\/wp-json\/wp\/v2\/media?parent=13084"}],"wp:term":[{"taxonomy":"pressroom_category","embeddable":true,"href":"https:\/\/havas.cz\/en\/wp-json\/wp\/v2\/pressroom_category?post=13084"},{"taxonomy":"pressroom_tag","embeddable":true,"href":"https:\/\/havas.cz\/en\/wp-json\/wp\/v2\/pressroom_tag?post=13084"}],"curies":[{"name":"wp","href":"https:\/\/api.w.org\/{rel}","templated":true}]}}