{"id":6912,"date":"2019-11-01T14:35:13","date_gmt":"2019-11-01T12:35:13","guid":{"rendered":"https:\/\/havas.cz\/?post_type=pressroom&#038;p=6912"},"modified":"2020-01-28T14:35:31","modified_gmt":"2020-01-28T12:35:31","slug":"billa-otevira-novou-prodejnu-v-uhrinevsi","status":"publish","type":"pressroom","link":"https:\/\/havas.cz\/en\/pressroom\/billa-otevira-novou-prodejnu-v-uhrinevsi\/","title":{"rendered":"BILLA otev\u00edr\u00e1 novou prodejnu v Uh\u0159\u00edn\u011bvsi"},"content":{"rendered":"\n<p><strong>Stejn\u011b jako v&nbsp;ostatn\u00edch supermarketech tohoto \u0159et\u011bzce, i&nbsp;zde z\u00e1kazn\u00edci naleznou \u0161irokou nab\u00eddku kvalitn\u00edch a&nbsp;\u010derstv\u00fdch produkt\u016f, k\u0159upav\u00e9 pe\u010divo a&nbsp;potraviny od&nbsp;tuzemsk\u00fdch v\u00fdrobc\u016f nebo region\u00e1ln\u00ed speciality v&nbsp;reg\u00e1lu s&nbsp;ozna\u010den\u00edm BILLA Region\u00e1ln\u011b.<\/strong><\/p>\n\n\n\n<p>Nov\u00e1 prodejna BILLA se otev\u0159ela ve\u0159ejnosti dnes v&nbsp;7.00 hodin r\u00e1no. Z\u00e1kazn\u00edci se mohou t\u011b\u0161it na&nbsp;sortiment t\u00e9m\u011b\u0159 9&nbsp;000 \u010derstv\u00fdch a&nbsp;kvalitn\u00edch produkt\u016f a&nbsp;priv\u00e1tn\u00edch zna\u010dek BILLA na&nbsp;<strong>prodejn\u00ed plo\u0161e o&nbsp;t\u00e9m\u011b\u0159 900&nbsp;m<sup>2<\/sup><\/strong>. K&nbsp;pohodln\u00e9mu n\u00e1kupu p\u0159isp\u011bje i&nbsp;<strong>54 parkovac\u00edch m\u00edst v\u010detn\u011b m\u00edst pro rodi\u010de s&nbsp;d\u011btmi a&nbsp;hendikepovan\u00e9<\/strong>.<\/p>\n\n\n\n<p><em>\u201eKonec leto\u0161n\u00edho roku se v&nbsp;BILLE ponese ve znamen\u00ed v\u00fdznamn\u00e9 expanze, speci\u00e1ln\u011b v&nbsp;listopad. Supermarket v&nbsp;pra\u017esk\u00e9 Uh\u0159\u00edn\u011bvsi je v&nbsp;po\u0159\u00e1d\u00ed 4., kter\u00fd otev\u00edr\u00e1me a&nbsp;dal\u0161\u00edch 7 je\u0161t\u011b do konce roku otev\u0159eme. Nepolevujeme tak v&nbsp;na\u0161\u00ed dlouhodob\u00e9 strategii p\u0159ibl\u00ed\u017eit se je\u0161t\u011b v\u00edce z\u00e1kazn\u00edk\u016fm, kte\u0159\u00ed na\u0161e supermarkety vyhled\u00e1vaj\u00ed,\u201c&nbsp;<\/em>\u0159\u00edk\u00e1 Jaroslaw Szczypka, gener\u00e1ln\u00ed \u0159editel BILLA \u010cR.<\/p>\n\n\n\n<p><p>Nov\u00e1 prodejna v&nbsp;Uh\u0159\u00edn\u011bvsi bude otev\u0159ena&nbsp;<strong>od pond\u011bl\u00ed do soboty od 7.00 do 20.00&nbsp;hodin, v&nbsp;ned\u011bli pak od 8.00 do 20.00 hodin<\/strong>.<strong>&nbsp;<\/strong>Prvn\u00ed den \u010dek\u00e1 na n\u00e1v\u0161t\u011bvn\u00edky drobn\u00e1 pozornost, ka\u017ed\u00fd z\u00e1kazn\u00edk obdr\u017e\u00ed n\u00e1kupn\u00ed ta\u0161ku zdarma, p\u0159i n\u00e1kupu nad 500 korun i&nbsp;\u0161umiv\u00e9 v\u00edno. Pro d\u011bti je prvn\u00ed den p\u0159ipraveno jako pozornost sladk\u00e9 jablko.<\/p>\n<div class=\"slider-gallery\" id=\"gslider_69f0244b2a975\">\n    <div class=\"slider-gallery-inner fullwidth\">\n        <div class=\"slider-gallery-slides\">\n                                <div class=\"slider-gallery-item\">\n                                    <img decoding=\"async\" src=\"https:\/\/havas.cz\/wp-content\/uploads\/2020\/01\/auto-3-1092x614.jpg\" alt=\"\" class=\"img-fluid\" srcset=\"\n                        https:\/\/havas.cz\/wp-content\/uploads\/2020\/01\/auto-3-1092x614.jpg 1092w,\n                        https:\/\/havas.cz\/wp-content\/uploads\/2020\/01\/auto-3-885x498.jpg 885w,\n                        https:\/\/havas.cz\/wp-content\/uploads\/2020\/01\/auto-3-885x498.jpg 690w,\n                        https:\/\/havas.cz\/wp-content\/uploads\/2020\/01\/auto-3-885x498.jpg 600w\" sizes=\"(max-width: 1099px) 98vw, (min-width: 1100px) 1092px\">\n                            <\/div>\n                                <div class=\"slider-gallery-item\">\n                                    <img decoding=\"async\" src=\"https:\/\/havas.cz\/wp-content\/uploads\/2020\/01\/auto1-2-1092x614.jpg\" alt=\"\" class=\"img-fluid\" srcset=\"\n                        https:\/\/havas.cz\/wp-content\/uploads\/2020\/01\/auto1-2-1092x614.jpg 1092w,\n                        https:\/\/havas.cz\/wp-content\/uploads\/2020\/01\/auto1-2-885x498.jpg 885w,\n                        https:\/\/havas.cz\/wp-content\/uploads\/2020\/01\/auto1-2-885x498.jpg 690w,\n                        https:\/\/havas.cz\/wp-content\/uploads\/2020\/01\/auto1-2-885x498.jpg 600w\" sizes=\"(max-width: 1099px) 98vw, (min-width: 1100px) 1092px\">\n                            <\/div>\n                                <div class=\"slider-gallery-item\">\n                                    <img decoding=\"async\" src=\"https:\/\/havas.cz\/wp-content\/uploads\/2020\/01\/auto2-1092x614.jpg\" alt=\"\" class=\"img-fluid\" srcset=\"\n                        https:\/\/havas.cz\/wp-content\/uploads\/2020\/01\/auto2-1092x614.jpg 1092w,\n                        https:\/\/havas.cz\/wp-content\/uploads\/2020\/01\/auto2-885x498.jpg 885w,\n                        https:\/\/havas.cz\/wp-content\/uploads\/2020\/01\/auto2-885x498.jpg 690w,\n                        https:\/\/havas.cz\/wp-content\/uploads\/2020\/01\/auto2-885x498.jpg 600w\" sizes=\"(max-width: 1099px) 98vw, (min-width: 1100px) 1092px\">\n                            <\/div>\n                                <div class=\"slider-gallery-item\">\n                                    <img decoding=\"async\" src=\"https:\/\/havas.cz\/wp-content\/uploads\/2020\/01\/auto3-1-1092x614.jpg\" alt=\"\" class=\"img-fluid\" srcset=\"\n                        https:\/\/havas.cz\/wp-content\/uploads\/2020\/01\/auto3-1-1092x614.jpg 1092w,\n                        https:\/\/havas.cz\/wp-content\/uploads\/2020\/01\/auto3-1-885x498.jpg 885w,\n                        https:\/\/havas.cz\/wp-content\/uploads\/2020\/01\/auto3-1-885x498.jpg 690w,\n                        https:\/\/havas.cz\/wp-content\/uploads\/2020\/01\/auto3-1-885x498.jpg 600w\" sizes=\"(max-width: 1099px) 98vw, (min-width: 1100px) 1092px\">\n                            <\/div>\n                                <div class=\"slider-gallery-item\">\n                                    <img decoding=\"async\" src=\"https:\/\/havas.cz\/wp-content\/uploads\/2020\/01\/auto4-1-1092x614.jpg\" alt=\"\" class=\"img-fluid\" srcset=\"\n                        https:\/\/havas.cz\/wp-content\/uploads\/2020\/01\/auto4-1-1092x614.jpg 1092w,\n                        https:\/\/havas.cz\/wp-content\/uploads\/2020\/01\/auto4-1-885x498.jpg 885w,\n                        https:\/\/havas.cz\/wp-content\/uploads\/2020\/01\/auto4-1-885x498.jpg 690w,\n                        https:\/\/havas.cz\/wp-content\/uploads\/2020\/01\/auto4-1-885x498.jpg 600w\" sizes=\"(max-width: 1099px) 98vw, (min-width: 1100px) 1092px\">\n                            <\/div>\n                <\/div>\n        <div class=\"slider-gallery-control-prev\"><span class=\"arrow\"><img decoding=\"async\" src=\"https:\/\/havas.cz\/wp-content\/themes\/havas2018\/img\/slider-gallery-arrow-prev.svg\" alt=\"\"><\/span><\/div>\n        <div class=\"slider-gallery-control-next\"><span class=\"arrow\"><img decoding=\"async\" src=\"https:\/\/havas.cz\/wp-content\/themes\/havas2018\/img\/slider-gallery-arrow-next.svg\" alt=\"\"><\/span><\/div>\n    <\/div>\n    <div class=\"gallery-caption\"><span class=\"gallery-slidenumber\"><span class=\"currentslidenumber\">1<\/span>\/5<\/span> <span class=\"currentslidecaption\"><\/span><\/div>\n<\/div>\n<\/p>\n","protected":false},"excerpt":{"rendered":"<p>Spole\u010dnost BILLA otev\u00edr\u00e1 novou prodejnu v ulici Jind\u0159icha Buben\u00ed\u010dka v m\u011bstsk\u00e9 \u010d\u00e1sti Praha 22 le\u017e\u00edc\u00ed na jihov\u00fdchodn\u00edm okraji Prahy, v m\u011bstsk\u00e9m obvodu Praha 10. Jedn\u00e1 se tak o jej\u00ed 52. prodejnu v Praze.<\/p>\n","protected":false},"author":48,"featured_media":6960,"menu_order":0,"template":"","meta":{"_links_to":"","_links_to_target":""},"pressroom_category":[],"pressroom_tag":[202],"class_list":["post-6912","pressroom","type-pressroom","status-publish","has-post-thumbnail","hentry","pressroom_tag-billa"],"yoast_head":"<!-- This site is optimized with the Yoast SEO plugin v27.1.1 - https:\/\/yoast.com\/product\/yoast-seo-wordpress\/ -->\n<title>BILLA otev\u00edr\u00e1 novou prodejnu v Uh\u0159\u00edn\u011bvsi - Havas Prague<\/title>\n<meta name=\"robots\" content=\"index, follow, max-snippet:-1, max-image-preview:large, max-video-preview:-1\" \/>\n<link rel=\"canonical\" href=\"https:\/\/havas.cz\/en\/pressroom\/billa-otevira-novou-prodejnu-v-uhrinevsi\/\" \/>\n<meta property=\"og:locale\" content=\"en_US\" \/>\n<meta property=\"og:type\" content=\"article\" \/>\n<meta property=\"og:title\" content=\"BILLA otev\u00edr\u00e1 novou prodejnu v Uh\u0159\u00edn\u011bvsi - Havas Prague\" \/>\n<meta property=\"og:description\" content=\"Spole\u010dnost BILLA otev\u00edr\u00e1 novou prodejnu v ulici Jind\u0159icha Buben\u00ed\u010dka v m\u011bstsk\u00e9 \u010d\u00e1sti Praha 22 le\u017e\u00edc\u00ed na jihov\u00fdchodn\u00edm okraji Prahy, v m\u011bstsk\u00e9m obvodu Praha 10. Jedn\u00e1 se tak o jej\u00ed 52. prodejnu v Praze.\" \/>\n<meta property=\"og:url\" content=\"https:\/\/havas.cz\/en\/pressroom\/billa-otevira-novou-prodejnu-v-uhrinevsi\/\" \/>\n<meta property=\"og:site_name\" content=\"Havas Prague\" \/>\n<meta property=\"article:modified_time\" content=\"2020-01-28T12:35:31+00:00\" \/>\n<meta property=\"og:image\" content=\"https:\/\/havas.cz\/wp-content\/uploads\/2020\/01\/billa1200x600-0000-auto.jpg\" \/>\n\t<meta property=\"og:image:width\" content=\"1200\" \/>\n\t<meta property=\"og:image:height\" content=\"600\" \/>\n\t<meta property=\"og:image:type\" content=\"image\/jpeg\" \/>\n<meta name=\"twitter:card\" content=\"summary_large_image\" \/>\n<meta name=\"twitter:label1\" content=\"Est. reading time\" \/>\n\t<meta name=\"twitter:data1\" content=\"1 minute\" \/>\n<script type=\"application\/ld+json\" class=\"yoast-schema-graph\">{\"@context\":\"https:\/\/schema.org\",\"@graph\":[{\"@type\":\"WebPage\",\"@id\":\"https:\/\/havas.cz\/en\/pressroom\/billa-otevira-novou-prodejnu-v-uhrinevsi\/\",\"url\":\"https:\/\/havas.cz\/en\/pressroom\/billa-otevira-novou-prodejnu-v-uhrinevsi\/\",\"name\":\"BILLA otev\u00edr\u00e1 novou prodejnu v Uh\u0159\u00edn\u011bvsi - Havas Prague\",\"isPartOf\":{\"@id\":\"https:\/\/havas.cz\/#website\"},\"primaryImageOfPage\":{\"@id\":\"https:\/\/havas.cz\/en\/pressroom\/billa-otevira-novou-prodejnu-v-uhrinevsi\/#primaryimage\"},\"image\":{\"@id\":\"https:\/\/havas.cz\/en\/pressroom\/billa-otevira-novou-prodejnu-v-uhrinevsi\/#primaryimage\"},\"thumbnailUrl\":\"https:\/\/havas.cz\/wp-content\/uploads\/2020\/01\/billa1200x600-0000-auto.jpg\",\"datePublished\":\"2019-11-01T12:35:13+00:00\",\"dateModified\":\"2020-01-28T12:35:31+00:00\",\"breadcrumb\":{\"@id\":\"https:\/\/havas.cz\/en\/pressroom\/billa-otevira-novou-prodejnu-v-uhrinevsi\/#breadcrumb\"},\"inLanguage\":\"en-US\",\"potentialAction\":[{\"@type\":\"ReadAction\",\"target\":[\"https:\/\/havas.cz\/en\/pressroom\/billa-otevira-novou-prodejnu-v-uhrinevsi\/\"]}]},{\"@type\":\"ImageObject\",\"inLanguage\":\"en-US\",\"@id\":\"https:\/\/havas.cz\/en\/pressroom\/billa-otevira-novou-prodejnu-v-uhrinevsi\/#primaryimage\",\"url\":\"https:\/\/havas.cz\/wp-content\/uploads\/2020\/01\/billa1200x600-0000-auto.jpg\",\"contentUrl\":\"https:\/\/havas.cz\/wp-content\/uploads\/2020\/01\/billa1200x600-0000-auto.jpg\",\"width\":1200,\"height\":600},{\"@type\":\"BreadcrumbList\",\"@id\":\"https:\/\/havas.cz\/en\/pressroom\/billa-otevira-novou-prodejnu-v-uhrinevsi\/#breadcrumb\",\"itemListElement\":[{\"@type\":\"ListItem\",\"position\":1,\"name\":\"Dom\u016f\",\"item\":\"https:\/\/havas.cz\/en\/\"},{\"@type\":\"ListItem\",\"position\":2,\"name\":\"Pressroom\",\"item\":\"https:\/\/havas.cz\/pressroom\/\"},{\"@type\":\"ListItem\",\"position\":3,\"name\":\"BILLA otev\u00edr\u00e1 novou prodejnu v Uh\u0159\u00edn\u011bvsi\"}]},{\"@type\":\"WebSite\",\"@id\":\"https:\/\/havas.cz\/#website\",\"url\":\"https:\/\/havas.cz\/\",\"name\":\"Havas Prague\",\"description\":\"Agentura Havas Prague. Vytv\u00e1\u0159\u00edme smyslupln\u00e1 spojen\u00ed mezi zna\u010dkami a spot\u0159ebiteli.\",\"potentialAction\":[{\"@type\":\"SearchAction\",\"target\":{\"@type\":\"EntryPoint\",\"urlTemplate\":\"https:\/\/havas.cz\/?s={search_term_string}\"},\"query-input\":{\"@type\":\"PropertyValueSpecification\",\"valueRequired\":true,\"valueName\":\"search_term_string\"}}],\"inLanguage\":\"en-US\"}]}<\/script>\n<!-- \/ Yoast SEO plugin. -->","yoast_head_json":{"title":"BILLA otev\u00edr\u00e1 novou prodejnu v Uh\u0159\u00edn\u011bvsi - Havas Prague","robots":{"index":"index","follow":"follow","max-snippet":"max-snippet:-1","max-image-preview":"max-image-preview:large","max-video-preview":"max-video-preview:-1"},"canonical":"https:\/\/havas.cz\/en\/pressroom\/billa-otevira-novou-prodejnu-v-uhrinevsi\/","og_locale":"en_US","og_type":"article","og_title":"BILLA otev\u00edr\u00e1 novou prodejnu v Uh\u0159\u00edn\u011bvsi - Havas Prague","og_description":"Spole\u010dnost BILLA otev\u00edr\u00e1 novou prodejnu v ulici Jind\u0159icha Buben\u00ed\u010dka v m\u011bstsk\u00e9 \u010d\u00e1sti Praha 22 le\u017e\u00edc\u00ed na jihov\u00fdchodn\u00edm okraji Prahy, v m\u011bstsk\u00e9m obvodu Praha 10. Jedn\u00e1 se tak o jej\u00ed 52. prodejnu v Praze.","og_url":"https:\/\/havas.cz\/en\/pressroom\/billa-otevira-novou-prodejnu-v-uhrinevsi\/","og_site_name":"Havas Prague","article_modified_time":"2020-01-28T12:35:31+00:00","og_image":[{"width":1200,"height":600,"url":"https:\/\/havas.cz\/wp-content\/uploads\/2020\/01\/billa1200x600-0000-auto.jpg","type":"image\/jpeg"}],"twitter_card":"summary_large_image","twitter_misc":{"Est. reading time":"1 minute"},"schema":{"@context":"https:\/\/schema.org","@graph":[{"@type":"WebPage","@id":"https:\/\/havas.cz\/en\/pressroom\/billa-otevira-novou-prodejnu-v-uhrinevsi\/","url":"https:\/\/havas.cz\/en\/pressroom\/billa-otevira-novou-prodejnu-v-uhrinevsi\/","name":"BILLA otev\u00edr\u00e1 novou prodejnu v Uh\u0159\u00edn\u011bvsi - Havas Prague","isPartOf":{"@id":"https:\/\/havas.cz\/#website"},"primaryImageOfPage":{"@id":"https:\/\/havas.cz\/en\/pressroom\/billa-otevira-novou-prodejnu-v-uhrinevsi\/#primaryimage"},"image":{"@id":"https:\/\/havas.cz\/en\/pressroom\/billa-otevira-novou-prodejnu-v-uhrinevsi\/#primaryimage"},"thumbnailUrl":"https:\/\/havas.cz\/wp-content\/uploads\/2020\/01\/billa1200x600-0000-auto.jpg","datePublished":"2019-11-01T12:35:13+00:00","dateModified":"2020-01-28T12:35:31+00:00","breadcrumb":{"@id":"https:\/\/havas.cz\/en\/pressroom\/billa-otevira-novou-prodejnu-v-uhrinevsi\/#breadcrumb"},"inLanguage":"en-US","potentialAction":[{"@type":"ReadAction","target":["https:\/\/havas.cz\/en\/pressroom\/billa-otevira-novou-prodejnu-v-uhrinevsi\/"]}]},{"@type":"ImageObject","inLanguage":"en-US","@id":"https:\/\/havas.cz\/en\/pressroom\/billa-otevira-novou-prodejnu-v-uhrinevsi\/#primaryimage","url":"https:\/\/havas.cz\/wp-content\/uploads\/2020\/01\/billa1200x600-0000-auto.jpg","contentUrl":"https:\/\/havas.cz\/wp-content\/uploads\/2020\/01\/billa1200x600-0000-auto.jpg","width":1200,"height":600},{"@type":"BreadcrumbList","@id":"https:\/\/havas.cz\/en\/pressroom\/billa-otevira-novou-prodejnu-v-uhrinevsi\/#breadcrumb","itemListElement":[{"@type":"ListItem","position":1,"name":"Dom\u016f","item":"https:\/\/havas.cz\/en\/"},{"@type":"ListItem","position":2,"name":"Pressroom","item":"https:\/\/havas.cz\/pressroom\/"},{"@type":"ListItem","position":3,"name":"BILLA otev\u00edr\u00e1 novou prodejnu v Uh\u0159\u00edn\u011bvsi"}]},{"@type":"WebSite","@id":"https:\/\/havas.cz\/#website","url":"https:\/\/havas.cz\/","name":"Havas Prague","description":"Agentura Havas Prague. Vytv\u00e1\u0159\u00edme smyslupln\u00e1 spojen\u00ed mezi zna\u010dkami a spot\u0159ebiteli.","potentialAction":[{"@type":"SearchAction","target":{"@type":"EntryPoint","urlTemplate":"https:\/\/havas.cz\/?s={search_term_string}"},"query-input":{"@type":"PropertyValueSpecification","valueRequired":true,"valueName":"search_term_string"}}],"inLanguage":"en-US"}]}},"_links":{"self":[{"href":"https:\/\/havas.cz\/en\/wp-json\/wp\/v2\/pressroom\/6912","targetHints":{"allow":["GET"]}}],"collection":[{"href":"https:\/\/havas.cz\/en\/wp-json\/wp\/v2\/pressroom"}],"about":[{"href":"https:\/\/havas.cz\/en\/wp-json\/wp\/v2\/types\/pressroom"}],"author":[{"embeddable":true,"href":"https:\/\/havas.cz\/en\/wp-json\/wp\/v2\/users\/48"}],"wp:featuredmedia":[{"embeddable":true,"href":"https:\/\/havas.cz\/en\/wp-json\/wp\/v2\/media\/6960"}],"wp:attachment":[{"href":"https:\/\/havas.cz\/en\/wp-json\/wp\/v2\/media?parent=6912"}],"wp:term":[{"taxonomy":"pressroom_category","embeddable":true,"href":"https:\/\/havas.cz\/en\/wp-json\/wp\/v2\/pressroom_category?post=6912"},{"taxonomy":"pressroom_tag","embeddable":true,"href":"https:\/\/havas.cz\/en\/wp-json\/wp\/v2\/pressroom_tag?post=6912"}],"curies":[{"name":"wp","href":"https:\/\/api.w.org\/{rel}","templated":true}]}}