{"id":6981,"date":"2019-11-25T11:33:41","date_gmt":"2019-11-25T09:33:41","guid":{"rendered":"https:\/\/havas.cz\/?post_type=pressroom&#038;p=6981"},"modified":"2020-02-20T15:06:53","modified_gmt":"2020-02-20T13:06:53","slug":"v-podzimnim-kole-sbirky-potravin-vybrala-billa-temer-35-tun-potravin-a-drogerie-2","status":"publish","type":"pressroom","link":"https:\/\/havas.cz\/en\/pressroom\/v-podzimnim-kole-sbirky-potravin-vybrala-billa-temer-35-tun-potravin-a-drogerie-2\/","title":{"rendered":"V podzimn\u00edm kole Sb\u00edrky potravin vybrala BILLA t\u00e9m\u011b\u0159 35 tun potravin a drogerie"},"content":{"rendered":"<p><strong>Spole\u010dnost BILLA se v\u00a0sobotu 23.&nbsp;listopadu zapojila do podzimn\u00edho kola celorepublikov\u00e9 Sb\u00edrky potravin, kter\u00e1 si klade za c\u00edl pomoci dom\u00e1cnostem a&nbsp;rodin\u00e1m v\u00a0t\u00ed\u017eiv\u00e9 situaci, azylov\u00fdm dom\u016fm, samo\u017eivitel\u016fm a&nbsp;dal\u0161\u00edm znev\u00fdhodn\u011bn\u00fdm skupin\u00e1m. Do t\u00e9to charitativn\u00ed akce se BILLA zapojila s\u00a0celkem 48 prodejnami nap\u0159\u00ed\u010d \u010ceskou republikou, ve kter\u00fdch v\u00a0den sb\u00edrky pracovalo 427 dobrovoln\u00edk\u016f. Ti spole\u010dn\u011b vybrali t\u00e9m\u011b\u0159 35 tun zbo\u017e\u00ed, kter\u00e9 by dohromady nasytily t\u00e9m\u011b\u0159 70&nbsp;000 pot\u0159ebn\u00fdch.\u00a0<\/strong><\/p>\r\n<!-- \/wp:post-content -->\r\n\r\n<!-- wp:paragraph -->\r\n<p>Nej\u00fasp\u011b\u0161n\u011bj\u0161\u00edm supermarketem podzimn\u00ed sb\u00edrky v\u00a0r\u00e1mci obchodn\u00edho \u0159et\u011bzce BILLA se stala prodejna v\u00a0Brn\u011b \u2013 Lesn\u00e1 v\u00a0Okru\u017en\u00ed ulici, kde se poda\u0159ilo vybrat 1640 kg potravin a&nbsp;drogistick\u00e9ho zbo\u017e\u00ed. Na druh\u00e9 p\u0159\u00ed\u010dce se um\u00edstila prodejna BILLA na Praze 4 v\u00a0ulici Bud\u011bjovick\u00e1, kde letos pomohla vybrat 1512 kg zbo\u017e\u00ed organizace Dobr\u00e9 v\u00edly. Pracovn\u00edci t\u00e9to organizace pom\u00e1haj\u00ed d\u011btem v\u00a0d\u011btsk\u00fdch domovech a&nbsp;sna\u017e\u00ed se jim d\u00e1t pot\u0159ebnou l\u00e1sku a&nbsp;p\u00e9\u010di. B\u011bhem sb\u00edrky Dobr\u00e9 v\u00edly vyb\u00edraly potraviny a&nbsp;drogerii pro 3 d\u011btsk\u00e9 domovy a&nbsp;jednu p\u011bstounskou rodinu. Sb\u00edrky se \u00fa\u010dastnily i&nbsp;star\u0161\u00ed d\u011bti z&nbsp;d\u011btsk\u00fdch domov\u016f, kter\u00e9 pom\u00e1haly s\u00a0rozd\u00e1v\u00e1n\u00edm let\u00e1k\u016f. T\u0159et\u00ed m\u00edsto v\u00a0r\u00e1mci spole\u010dnosti BILLA obsadila pra\u017esk\u00e1 prodejna na Praze 5 na Tilleho n\u00e1m\u011bst\u00ed s&nbsp;1102 kilogramy zbo\u017e\u00ed.<\/p>\r\n<!-- \/wp:paragraph -->\r\n\r\n<!-- wp:paragraph -->\r\n<p><em>\u201eR\u00e1da bych pod\u011bkovala v\u0161em z\u00e1kazn\u00edk\u016fm, kte\u0159\u00ed se do podzimn\u00edho kola sb\u00edrky zapojili a&nbsp;p\u0159isp\u011bli tak lidem v&nbsp;nouzi. Z\u00e1rove\u0148 d\u011bkuji v\u0161em dobrovoln\u00edk\u016fm, bez kter\u00fdch by to ne\u0161lo a&nbsp;kte\u0159\u00ed ob\u011btovali sv\u016fj voln\u00fd \u010das pro dobrou v\u011bc. Velk\u00fd d\u00edk tak\u00e9 pat\u0159\u00ed na\u0161im zam\u011bstnanc\u016fm, kte\u0159\u00ed dok\u00e1zali vytvo\u0159it takov\u00e9 podm\u00ednky, \u017ee sb\u00edrka na v\u0161ech na\u0161ich prodejn\u00e1ch prob\u011bhla bez sebemen\u0161\u00edch komplikac\u00ed,\u201c<\/em>\u0159\u00edk\u00e1 Dana Brat\u00e1nkov\u00e1, mana\u017eerka korpor\u00e1tn\u00ed komunikace a&nbsp;koordin\u00e1torka projektu za spole\u010dnost BILLA \u010cR.<\/p>\r\n<!-- \/wp:paragraph -->\r\n\r\n<!-- wp:paragraph -->\r\n<p>Celkov\u011b se v\u00a0podzimn\u00edm kole Sb\u00edrky potravin vybralo rekordn\u00edch 330 tun potravin a&nbsp;52 tun drogistick\u00e9ho zbo\u017e\u00ed. Rekordn\u00ed byl i&nbsp;po\u010det dobrovoln\u00edk\u016f, t\u011bch se tentokr\u00e1t z\u00fa\u010dastnilo 4500.<\/p>\r\n<!-- \/wp:paragraph -->\r\n\r\n<!-- wp:paragraph -->\r\n<p>Sb\u00edrka potravin nov\u011b organizovan\u00e1 \u010ceskou federac\u00ed potravinov\u00fdch bank a&nbsp;Svazem obchodu a&nbsp;cestovn\u00edho ruchu \u010cR za podpory spole\u010dnosti BILLA, Asociace spole\u010densk\u00e9 odpov\u011bdnosti a&nbsp;dal\u0161\u00edch partner\u016f se od leto\u0161n\u00edho roku kon\u00e1 v\u017edy dvakr\u00e1t ro\u010dn\u011b (na ja\u0159e a&nbsp;na podzim). Pomoc pokr\u00fdv\u00e1 celou \u010ceskou republiku a&nbsp;je zam\u011b\u0159ena zejm\u00e9na na seniory, matky samo\u017eivitelky, p\u011bstounsk\u00e9 rodiny, d\u011bti z&nbsp;d\u011btsk\u00fdch domov\u016f, hendikepovan\u00e9 \u010di lidi bez domova a&nbsp;v\u00a0nouzi.<\/p>\r\n<!-- \/wp:paragraph -->\r\n\r\n<!-- wp:paragraph -->\r\n<p>Pro v\u00edce informac\u00ed pros\u00edm kontaktujte: Dana Brat\u00e1nkov\u00e1 Mana\u017eerka korpor\u00e1tn\u00ed komunikace \/ Tiskov\u00e1 mluv\u010d\u00ed REWE GROUP \u010cesk\u00e1 republika, BILLA, spol. s\u00a0r.o. Mobil: +420\u00a0606\u00a0099&nbsp;607 E-mail:\u00a0<a>d.bratankova@billa.cz<\/a><\/p>\r\n<!-- \/wp:paragraph -->\r\n\r\n<!-- wp:paragraph -->\r\n<p><strong>REWE International AG\u00a0<\/strong>je l\u00eddrem na rakousk\u00e9m trhu v&nbsp;oblasti prodeje potravinov\u00e9ho a&nbsp;drogistick\u00e9ho zbo\u017e\u00ed a\u00a0jedn\u00edm z&nbsp;nejv\u011bt\u0161\u00edch zam\u011bstnavatel\u016f v&nbsp;Rakousku. Ve 3&nbsp;693 prodejn\u00e1ch v&nbsp;Evrop\u011b zam\u011bstn\u00e1v\u00e1 t\u00e9m\u011b\u0159 80\u00a0000\u00a0pracovn\u00edk\u016f.<\/p>\r\n<!-- \/wp:paragraph -->\r\n\r\n<!-- wp:paragraph -->\r\n<p>REWE International AG je sou\u010d\u00e1st\u00ed n\u011bmeck\u00e9 REWE Group, kter\u00e1 p\u016fsob\u00ed ve 13 zem\u00edch Evropy a&nbsp;pat\u0159\u00ed k\u00a0nejv\u00fdznamn\u011bj\u0161\u00edm evropsk\u00fdm maloobchodn\u00edm skupin\u00e1m a&nbsp;prodejc\u016fm rodinn\u00fdch dovolen\u00fdch.<\/p>\r\n<!-- \/wp:paragraph -->\r\n\r\n<!-- wp:paragraph -->\r\n<p>REWE International AG se s\u00eddlem v\u00a0rakousk\u00e9m Wiener Neudorf provozuje obchodn\u00ed spole\u010dnosti BILLA, MERKUR, PENNY, BIPA a\u00a0ADEG, a\u00a0\u0159adu vlastn\u00edch produktov\u00fdch zna\u010dek. V\u00a0segmentu supermarket\u016f m\u00e1 prodejny v\u00a07 zem\u00edch st\u0159edn\u00ed a\u00a0v\u00fdchodn\u00ed Evropy.<\/p>\r\n<!-- \/wp:paragraph -->\r\n\r\n<!-- wp:paragraph -->\r\n<p><strong>BILLA \u010cR\u00a0<\/strong>je sou\u010d\u00e1st\u00ed skupiny REWE International AG. Na \u010desk\u00e9m trhu p\u016fsob\u00ed od roku 1991. S&nbsp;obratem ve v\u00fd\u0161i p\u0159es 31&nbsp;mld.&nbsp;K\u010d (2018), s&nbsp;228\u00a0prodejnami a&nbsp;v\u00edce ne\u017e 6&nbsp;000 zam\u011bstnanci je BILLA l\u00eddrem na trhu supermarket\u016f. Na pr\u016fm\u011brn\u00e9 prodejn\u00ed plo\u0161e 900 m2 nab\u00edz\u00ed \u0161irok\u00fd v\u00fdb\u011br produkt\u016f zn\u00e1m\u00fdch i&nbsp;priv\u00e1tn\u00edch zna\u010dek. Velk\u00fd d\u016fraz je kladen na \u010derstv\u00fd sortiment, jako jsou lah\u016fdky, pe\u010divo, ovoce a&nbsp;zelenina, ml\u00e9\u010dn\u00e9 produkty, maso a&nbsp;chlazen\u00e9 produkty.<\/p>\r\n<!-- \/wp:paragraph -->\r\n\r\n<!-- wp:paragraph -->\r\n<p>Spole\u010dnost BILLA se soust\u0159ed\u00ed na podporu \u010desk\u00fdch producent\u016f, proto \u010desk\u00e9 potraviny tvo\u0159\u00ed ji\u017e 78&nbsp;% jej\u00edho celkov\u00e9ho sortimentu. \u010cesk\u00e9 potraviny jsou tak\u00e9 sou\u010d\u00e1st\u00ed priv\u00e1tn\u00edch zna\u010dek \u0159et\u011bzce BILLA \u2013 Voc\u00edlka, \u010cesk\u00e1 farma, BILLA Na\u0161e bio, BILLA, BILLA Premium, BILLA Easy, BILLA BON VIA, Today, Clever, Vives, ZOO ROYAL nebo Milora.\u00a0\u00a0\u00dasp\u011bch priv\u00e1tn\u00edch zna\u010dek BILLA potvrzuj\u00ed i&nbsp;ned\u00e1vn\u00e9 ocen\u011bn\u00ed v&nbsp;sout\u011b\u017ei Volba spot\u0159ebitel\u016f 2019, ve kter\u00e9 se na 1. m\u00edst\u011b um\u00edstilo hned 6 produktov\u00fdch novinek spole\u010dnosti BILLA.<\/p>\r\n<!-- \/wp:paragraph -->\r\n\r\n<!-- wp:paragraph -->\r\n<p>V\u00edce informac\u00ed na:\u00a0<a href=\"http:\/\/www.billa.cz\/\">http:\/\/www.billa.cz<\/a><\/p>\r\n<!-- \/wp:paragraph -->\r\n<p>&nbsp;<\/p>\r\n<!-- \/wp:paragraph -->\r\n\r\n<!-- wp:paragraph -->\r\n<div class=\"slider-gallery\" id=\"gslider_69f0244b350d0\">\n    <div class=\"slider-gallery-inner fullwidth\">\n        <div class=\"slider-gallery-slides\">\n                                <div class=\"slider-gallery-item\">\n                                    <img decoding=\"async\" src=\"https:\/\/havas.cz\/wp-content\/uploads\/2019\/10\/auto-1092x614.jpg\" alt=\"\" class=\"img-fluid\" srcset=\"\n                        https:\/\/havas.cz\/wp-content\/uploads\/2019\/10\/auto-1092x614.jpg 1092w,\n                        https:\/\/havas.cz\/wp-content\/uploads\/2019\/10\/auto-885x498.jpg 885w,\n                        https:\/\/havas.cz\/wp-content\/uploads\/2019\/10\/auto-885x498.jpg 690w,\n                        https:\/\/havas.cz\/wp-content\/uploads\/2019\/10\/auto-885x498.jpg 600w\" sizes=\"(max-width: 1099px) 98vw, (min-width: 1100px) 1092px\">\n                            <\/div>\n                                <div class=\"slider-gallery-item\">\n                                    <img decoding=\"async\" src=\"https:\/\/havas.cz\/wp-content\/uploads\/2019\/10\/dobrevily-1092x614.jpg\" alt=\"\" class=\"img-fluid\" srcset=\"\n                        https:\/\/havas.cz\/wp-content\/uploads\/2019\/10\/dobrevily-1092x614.jpg 1092w,\n                        https:\/\/havas.cz\/wp-content\/uploads\/2019\/10\/dobrevily-885x498.jpg 885w,\n                        https:\/\/havas.cz\/wp-content\/uploads\/2019\/10\/dobrevily-885x498.jpg 690w,\n                        https:\/\/havas.cz\/wp-content\/uploads\/2019\/10\/dobrevily-885x498.jpg 600w\" sizes=\"(max-width: 1099px) 98vw, (min-width: 1100px) 1092px\">\n                            <\/div>\n                                <div class=\"slider-gallery-item\">\n                                    <img decoding=\"async\" src=\"https:\/\/havas.cz\/wp-content\/uploads\/2019\/10\/kosik-1092x614.jpg\" alt=\"\" class=\"img-fluid\" srcset=\"\n                        https:\/\/havas.cz\/wp-content\/uploads\/2019\/10\/kosik-1092x614.jpg 1092w,\n                        https:\/\/havas.cz\/wp-content\/uploads\/2019\/10\/kosik-885x498.jpg 885w,\n                        https:\/\/havas.cz\/wp-content\/uploads\/2019\/10\/kosik-885x498.jpg 690w,\n                        https:\/\/havas.cz\/wp-content\/uploads\/2019\/10\/kosik-885x498.jpg 600w\" sizes=\"(max-width: 1099px) 98vw, (min-width: 1100px) 1092px\">\n                            <\/div>\n                                <div class=\"slider-gallery-item\">\n                                    <img decoding=\"async\" src=\"https:\/\/havas.cz\/wp-content\/uploads\/2019\/10\/letak-1092x614.jpg\" alt=\"\" class=\"img-fluid\" srcset=\"\n                        https:\/\/havas.cz\/wp-content\/uploads\/2019\/10\/letak-1092x614.jpg 1092w,\n                        https:\/\/havas.cz\/wp-content\/uploads\/2019\/10\/letak-885x498.jpg 885w,\n                        https:\/\/havas.cz\/wp-content\/uploads\/2019\/10\/letak-885x498.jpg 690w,\n                        https:\/\/havas.cz\/wp-content\/uploads\/2019\/10\/letak-885x498.jpg 600w\" sizes=\"(max-width: 1099px) 98vw, (min-width: 1100px) 1092px\">\n                            <\/div>\n                                <div class=\"slider-gallery-item\">\n                                    <img decoding=\"async\" src=\"https:\/\/havas.cz\/wp-content\/uploads\/2019\/10\/letak2-1092x614.jpg\" alt=\"\" class=\"img-fluid\" srcset=\"\n                        https:\/\/havas.cz\/wp-content\/uploads\/2019\/10\/letak2-1092x614.jpg 1092w,\n                        https:\/\/havas.cz\/wp-content\/uploads\/2019\/10\/letak2-885x498.jpg 885w,\n                        https:\/\/havas.cz\/wp-content\/uploads\/2019\/10\/letak2-885x498.jpg 690w,\n                        https:\/\/havas.cz\/wp-content\/uploads\/2019\/10\/letak2-885x498.jpg 600w\" sizes=\"(max-width: 1099px) 98vw, (min-width: 1100px) 1092px\">\n                            <\/div>\n                                <div class=\"slider-gallery-item\">\n                                    <img decoding=\"async\" src=\"https:\/\/havas.cz\/wp-content\/uploads\/2019\/10\/nakup-1092x614.jpg\" alt=\"\" class=\"img-fluid\" srcset=\"\n                        https:\/\/havas.cz\/wp-content\/uploads\/2019\/10\/nakup-1092x614.jpg 1092w,\n                        https:\/\/havas.cz\/wp-content\/uploads\/2019\/10\/nakup-885x498.jpg 885w,\n                        https:\/\/havas.cz\/wp-content\/uploads\/2019\/10\/nakup-885x498.jpg 690w,\n                        https:\/\/havas.cz\/wp-content\/uploads\/2019\/10\/nakup-885x498.jpg 600w\" sizes=\"(max-width: 1099px) 98vw, (min-width: 1100px) 1092px\">\n                            <\/div>\n                                <div class=\"slider-gallery-item\">\n                                    <img decoding=\"async\" src=\"https:\/\/havas.cz\/wp-content\/uploads\/2019\/10\/nakup2-1092x614.jpg\" alt=\"\" class=\"img-fluid\" srcset=\"\n                        https:\/\/havas.cz\/wp-content\/uploads\/2019\/10\/nakup2-1092x614.jpg 1092w,\n                        https:\/\/havas.cz\/wp-content\/uploads\/2019\/10\/nakup2-885x498.jpg 885w,\n                        https:\/\/havas.cz\/wp-content\/uploads\/2019\/10\/nakup2-885x498.jpg 690w,\n                        https:\/\/havas.cz\/wp-content\/uploads\/2019\/10\/nakup2-885x498.jpg 600w\" sizes=\"(max-width: 1099px) 98vw, (min-width: 1100px) 1092px\">\n                            <\/div>\n                                <div class=\"slider-gallery-item\">\n                                    <img decoding=\"async\" src=\"https:\/\/havas.cz\/wp-content\/uploads\/2019\/10\/nakup3-1092x614.jpg\" alt=\"\" class=\"img-fluid\" srcset=\"\n                        https:\/\/havas.cz\/wp-content\/uploads\/2019\/10\/nakup3-1092x614.jpg 1092w,\n                        https:\/\/havas.cz\/wp-content\/uploads\/2019\/10\/nakup3-885x498.jpg 885w,\n                        https:\/\/havas.cz\/wp-content\/uploads\/2019\/10\/nakup3-885x498.jpg 690w,\n                        https:\/\/havas.cz\/wp-content\/uploads\/2019\/10\/nakup3-885x498.jpg 600w\" sizes=\"(max-width: 1099px) 98vw, (min-width: 1100px) 1092px\">\n                            <\/div>\n                                <div class=\"slider-gallery-item\">\n                                    <img decoding=\"async\" src=\"https:\/\/havas.cz\/wp-content\/uploads\/2019\/10\/nakup4-1092x614.jpg\" alt=\"\" class=\"img-fluid\" srcset=\"\n                        https:\/\/havas.cz\/wp-content\/uploads\/2019\/10\/nakup4-1092x614.jpg 1092w,\n                        https:\/\/havas.cz\/wp-content\/uploads\/2019\/10\/nakup4-885x498.jpg 885w,\n                        https:\/\/havas.cz\/wp-content\/uploads\/2019\/10\/nakup4-885x498.jpg 690w,\n                        https:\/\/havas.cz\/wp-content\/uploads\/2019\/10\/nakup4-885x498.jpg 600w\" sizes=\"(max-width: 1099px) 98vw, (min-width: 1100px) 1092px\">\n                            <\/div>\n                                <div class=\"slider-gallery-item\">\n                                    <img decoding=\"async\" src=\"https:\/\/havas.cz\/wp-content\/uploads\/2019\/10\/promo-1092x614.jpg\" alt=\"\" class=\"img-fluid\" srcset=\"\n                        https:\/\/havas.cz\/wp-content\/uploads\/2019\/10\/promo-1092x614.jpg 1092w,\n                        https:\/\/havas.cz\/wp-content\/uploads\/2019\/10\/promo-885x498.jpg 885w,\n                        https:\/\/havas.cz\/wp-content\/uploads\/2019\/10\/promo-885x498.jpg 690w,\n                        https:\/\/havas.cz\/wp-content\/uploads\/2019\/10\/promo-885x498.jpg 600w\" sizes=\"(max-width: 1099px) 98vw, (min-width: 1100px) 1092px\">\n                            <\/div>\n                                <div class=\"slider-gallery-item\">\n                                    <img decoding=\"async\" src=\"https:\/\/havas.cz\/wp-content\/uploads\/2019\/10\/promo2-1092x614.jpg\" alt=\"\" class=\"img-fluid\" srcset=\"\n                        https:\/\/havas.cz\/wp-content\/uploads\/2019\/10\/promo2-1092x614.jpg 1092w,\n                        https:\/\/havas.cz\/wp-content\/uploads\/2019\/10\/promo2-885x498.jpg 885w,\n                        https:\/\/havas.cz\/wp-content\/uploads\/2019\/10\/promo2-885x498.jpg 690w,\n                        https:\/\/havas.cz\/wp-content\/uploads\/2019\/10\/promo2-885x498.jpg 600w\" sizes=\"(max-width: 1099px) 98vw, (min-width: 1100px) 1092px\">\n                            <\/div>\n                                <div class=\"slider-gallery-item\">\n                                    <img decoding=\"async\" src=\"https:\/\/havas.cz\/wp-content\/uploads\/2019\/10\/promo3-1092x614.jpg\" alt=\"\" class=\"img-fluid\" srcset=\"\n                        https:\/\/havas.cz\/wp-content\/uploads\/2019\/10\/promo3-1092x614.jpg 1092w,\n                        https:\/\/havas.cz\/wp-content\/uploads\/2019\/10\/promo3-885x498.jpg 885w,\n                        https:\/\/havas.cz\/wp-content\/uploads\/2019\/10\/promo3-885x498.jpg 690w,\n                        https:\/\/havas.cz\/wp-content\/uploads\/2019\/10\/promo3-885x498.jpg 600w\" sizes=\"(max-width: 1099px) 98vw, (min-width: 1100px) 1092px\">\n                            <\/div>\n                <\/div>\n        <div class=\"slider-gallery-control-prev\"><span class=\"arrow\"><img decoding=\"async\" src=\"https:\/\/havas.cz\/wp-content\/themes\/havas2018\/img\/slider-gallery-arrow-prev.svg\" alt=\"\"><\/span><\/div>\n        <div class=\"slider-gallery-control-next\"><span class=\"arrow\"><img decoding=\"async\" src=\"https:\/\/havas.cz\/wp-content\/themes\/havas2018\/img\/slider-gallery-arrow-next.svg\" alt=\"\"><\/span><\/div>\n    <\/div>\n    <div class=\"gallery-caption\"><span class=\"gallery-slidenumber\"><span class=\"currentslidenumber\">1<\/span>\/12<\/span> <span class=\"currentslidecaption\"><\/span><\/div>\n<\/div>\n\r\n<p>&nbsp;<\/p>","protected":false},"excerpt":{"rendered":"<p>BILLA se zapojila do charitativn\u00edho projektu Sb\u00edrka potravin s celkem 48 prodejnami. Z\u00e1kazn\u00edci supermarket\u016f BILLA v\u011bnovali lidem v nouzi celkem 34 973 kg potravin a drogerie. Z vybran\u00fdch potravin by se dalo uva\u0159it bezm\u00e1la 70 000 porc\u00ed j\u00eddla.<\/p>\n","protected":false},"author":48,"featured_media":6300,"menu_order":0,"template":"","meta":{"_links_to":"","_links_to_target":""},"pressroom_category":[],"pressroom_tag":[202],"class_list":["post-6981","pressroom","type-pressroom","status-publish","has-post-thumbnail","hentry","pressroom_tag-billa"],"yoast_head":"<!-- This site is optimized with the Yoast SEO plugin v27.1.1 - https:\/\/yoast.com\/product\/yoast-seo-wordpress\/ -->\n<title>V podzimn\u00edm kole Sb\u00edrky potravin vybrala BILLA t\u00e9m\u011b\u0159 35 tun potravin a drogerie - Havas Prague<\/title>\n<meta name=\"robots\" content=\"index, follow, max-snippet:-1, max-image-preview:large, max-video-preview:-1\" \/>\n<link rel=\"canonical\" href=\"https:\/\/havas.cz\/en\/pressroom\/v-podzimnim-kole-sbirky-potravin-vybrala-billa-temer-35-tun-potravin-a-drogerie-2\/\" \/>\n<meta property=\"og:locale\" content=\"en_US\" \/>\n<meta property=\"og:type\" content=\"article\" \/>\n<meta property=\"og:title\" content=\"V podzimn\u00edm kole Sb\u00edrky potravin vybrala BILLA t\u00e9m\u011b\u0159 35 tun potravin a drogerie - Havas Prague\" \/>\n<meta property=\"og:description\" content=\"BILLA se zapojila do charitativn\u00edho projektu Sb\u00edrka potravin s celkem 48 prodejnami. Z\u00e1kazn\u00edci supermarket\u016f BILLA v\u011bnovali lidem v nouzi celkem 34 973 kg potravin a drogerie. Z vybran\u00fdch potravin by se dalo uva\u0159it bezm\u00e1la 70 000 porc\u00ed j\u00eddla.\" \/>\n<meta property=\"og:url\" content=\"https:\/\/havas.cz\/en\/pressroom\/v-podzimnim-kole-sbirky-potravin-vybrala-billa-temer-35-tun-potravin-a-drogerie-2\/\" \/>\n<meta property=\"og:site_name\" content=\"Havas Prague\" \/>\n<meta property=\"article:modified_time\" content=\"2020-02-20T13:06:53+00:00\" \/>\n<meta property=\"og:image\" content=\"https:\/\/havas.cz\/wp-content\/uploads\/2020\/01\/vitana600x1200-0000-vitana.jpg\" \/>\n\t<meta property=\"og:image:width\" content=\"1200\" \/>\n\t<meta property=\"og:image:height\" content=\"600\" \/>\n\t<meta property=\"og:image:type\" content=\"image\/jpeg\" \/>\n<meta name=\"twitter:card\" content=\"summary_large_image\" \/>\n<meta name=\"twitter:label1\" content=\"Est. reading time\" \/>\n\t<meta name=\"twitter:data1\" content=\"4 minutes\" \/>\n<script type=\"application\/ld+json\" class=\"yoast-schema-graph\">{\"@context\":\"https:\/\/schema.org\",\"@graph\":[{\"@type\":\"WebPage\",\"@id\":\"https:\/\/havas.cz\/en\/pressroom\/v-podzimnim-kole-sbirky-potravin-vybrala-billa-temer-35-tun-potravin-a-drogerie-2\/\",\"url\":\"https:\/\/havas.cz\/en\/pressroom\/v-podzimnim-kole-sbirky-potravin-vybrala-billa-temer-35-tun-potravin-a-drogerie-2\/\",\"name\":\"V podzimn\u00edm kole Sb\u00edrky potravin vybrala BILLA t\u00e9m\u011b\u0159 35 tun potravin a drogerie - Havas Prague\",\"isPartOf\":{\"@id\":\"https:\/\/havas.cz\/#website\"},\"primaryImageOfPage\":{\"@id\":\"https:\/\/havas.cz\/en\/pressroom\/v-podzimnim-kole-sbirky-potravin-vybrala-billa-temer-35-tun-potravin-a-drogerie-2\/#primaryimage\"},\"image\":{\"@id\":\"https:\/\/havas.cz\/en\/pressroom\/v-podzimnim-kole-sbirky-potravin-vybrala-billa-temer-35-tun-potravin-a-drogerie-2\/#primaryimage\"},\"thumbnailUrl\":\"https:\/\/havas.cz\/wp-content\/uploads\/2020\/01\/vitana600x1200-0000-vitana.jpg\",\"datePublished\":\"2019-11-25T09:33:41+00:00\",\"dateModified\":\"2020-02-20T13:06:53+00:00\",\"breadcrumb\":{\"@id\":\"https:\/\/havas.cz\/en\/pressroom\/v-podzimnim-kole-sbirky-potravin-vybrala-billa-temer-35-tun-potravin-a-drogerie-2\/#breadcrumb\"},\"inLanguage\":\"en-US\",\"potentialAction\":[{\"@type\":\"ReadAction\",\"target\":[\"https:\/\/havas.cz\/en\/pressroom\/v-podzimnim-kole-sbirky-potravin-vybrala-billa-temer-35-tun-potravin-a-drogerie-2\/\"]}]},{\"@type\":\"ImageObject\",\"inLanguage\":\"en-US\",\"@id\":\"https:\/\/havas.cz\/en\/pressroom\/v-podzimnim-kole-sbirky-potravin-vybrala-billa-temer-35-tun-potravin-a-drogerie-2\/#primaryimage\",\"url\":\"https:\/\/havas.cz\/wp-content\/uploads\/2020\/01\/vitana600x1200-0000-vitana.jpg\",\"contentUrl\":\"https:\/\/havas.cz\/wp-content\/uploads\/2020\/01\/vitana600x1200-0000-vitana.jpg\",\"width\":1200,\"height\":600},{\"@type\":\"BreadcrumbList\",\"@id\":\"https:\/\/havas.cz\/en\/pressroom\/v-podzimnim-kole-sbirky-potravin-vybrala-billa-temer-35-tun-potravin-a-drogerie-2\/#breadcrumb\",\"itemListElement\":[{\"@type\":\"ListItem\",\"position\":1,\"name\":\"Dom\u016f\",\"item\":\"https:\/\/havas.cz\/en\/\"},{\"@type\":\"ListItem\",\"position\":2,\"name\":\"Pressroom\",\"item\":\"https:\/\/havas.cz\/pressroom\/\"},{\"@type\":\"ListItem\",\"position\":3,\"name\":\"V podzimn\u00edm kole Sb\u00edrky potravin vybrala BILLA t\u00e9m\u011b\u0159 35 tun potravin a drogerie\"}]},{\"@type\":\"WebSite\",\"@id\":\"https:\/\/havas.cz\/#website\",\"url\":\"https:\/\/havas.cz\/\",\"name\":\"Havas Prague\",\"description\":\"Agentura Havas Prague. Vytv\u00e1\u0159\u00edme smyslupln\u00e1 spojen\u00ed mezi zna\u010dkami a spot\u0159ebiteli.\",\"potentialAction\":[{\"@type\":\"SearchAction\",\"target\":{\"@type\":\"EntryPoint\",\"urlTemplate\":\"https:\/\/havas.cz\/?s={search_term_string}\"},\"query-input\":{\"@type\":\"PropertyValueSpecification\",\"valueRequired\":true,\"valueName\":\"search_term_string\"}}],\"inLanguage\":\"en-US\"}]}<\/script>\n<!-- \/ Yoast SEO plugin. -->","yoast_head_json":{"title":"V podzimn\u00edm kole Sb\u00edrky potravin vybrala BILLA t\u00e9m\u011b\u0159 35 tun potravin a drogerie - Havas Prague","robots":{"index":"index","follow":"follow","max-snippet":"max-snippet:-1","max-image-preview":"max-image-preview:large","max-video-preview":"max-video-preview:-1"},"canonical":"https:\/\/havas.cz\/en\/pressroom\/v-podzimnim-kole-sbirky-potravin-vybrala-billa-temer-35-tun-potravin-a-drogerie-2\/","og_locale":"en_US","og_type":"article","og_title":"V podzimn\u00edm kole Sb\u00edrky potravin vybrala BILLA t\u00e9m\u011b\u0159 35 tun potravin a drogerie - Havas Prague","og_description":"BILLA se zapojila do charitativn\u00edho projektu Sb\u00edrka potravin s celkem 48 prodejnami. Z\u00e1kazn\u00edci supermarket\u016f BILLA v\u011bnovali lidem v nouzi celkem 34 973 kg potravin a drogerie. Z vybran\u00fdch potravin by se dalo uva\u0159it bezm\u00e1la 70 000 porc\u00ed j\u00eddla.","og_url":"https:\/\/havas.cz\/en\/pressroom\/v-podzimnim-kole-sbirky-potravin-vybrala-billa-temer-35-tun-potravin-a-drogerie-2\/","og_site_name":"Havas Prague","article_modified_time":"2020-02-20T13:06:53+00:00","og_image":[{"width":1200,"height":600,"url":"https:\/\/havas.cz\/wp-content\/uploads\/2020\/01\/vitana600x1200-0000-vitana.jpg","type":"image\/jpeg"}],"twitter_card":"summary_large_image","twitter_misc":{"Est. reading time":"4 minutes"},"schema":{"@context":"https:\/\/schema.org","@graph":[{"@type":"WebPage","@id":"https:\/\/havas.cz\/en\/pressroom\/v-podzimnim-kole-sbirky-potravin-vybrala-billa-temer-35-tun-potravin-a-drogerie-2\/","url":"https:\/\/havas.cz\/en\/pressroom\/v-podzimnim-kole-sbirky-potravin-vybrala-billa-temer-35-tun-potravin-a-drogerie-2\/","name":"V podzimn\u00edm kole Sb\u00edrky potravin vybrala BILLA t\u00e9m\u011b\u0159 35 tun potravin a drogerie - Havas Prague","isPartOf":{"@id":"https:\/\/havas.cz\/#website"},"primaryImageOfPage":{"@id":"https:\/\/havas.cz\/en\/pressroom\/v-podzimnim-kole-sbirky-potravin-vybrala-billa-temer-35-tun-potravin-a-drogerie-2\/#primaryimage"},"image":{"@id":"https:\/\/havas.cz\/en\/pressroom\/v-podzimnim-kole-sbirky-potravin-vybrala-billa-temer-35-tun-potravin-a-drogerie-2\/#primaryimage"},"thumbnailUrl":"https:\/\/havas.cz\/wp-content\/uploads\/2020\/01\/vitana600x1200-0000-vitana.jpg","datePublished":"2019-11-25T09:33:41+00:00","dateModified":"2020-02-20T13:06:53+00:00","breadcrumb":{"@id":"https:\/\/havas.cz\/en\/pressroom\/v-podzimnim-kole-sbirky-potravin-vybrala-billa-temer-35-tun-potravin-a-drogerie-2\/#breadcrumb"},"inLanguage":"en-US","potentialAction":[{"@type":"ReadAction","target":["https:\/\/havas.cz\/en\/pressroom\/v-podzimnim-kole-sbirky-potravin-vybrala-billa-temer-35-tun-potravin-a-drogerie-2\/"]}]},{"@type":"ImageObject","inLanguage":"en-US","@id":"https:\/\/havas.cz\/en\/pressroom\/v-podzimnim-kole-sbirky-potravin-vybrala-billa-temer-35-tun-potravin-a-drogerie-2\/#primaryimage","url":"https:\/\/havas.cz\/wp-content\/uploads\/2020\/01\/vitana600x1200-0000-vitana.jpg","contentUrl":"https:\/\/havas.cz\/wp-content\/uploads\/2020\/01\/vitana600x1200-0000-vitana.jpg","width":1200,"height":600},{"@type":"BreadcrumbList","@id":"https:\/\/havas.cz\/en\/pressroom\/v-podzimnim-kole-sbirky-potravin-vybrala-billa-temer-35-tun-potravin-a-drogerie-2\/#breadcrumb","itemListElement":[{"@type":"ListItem","position":1,"name":"Dom\u016f","item":"https:\/\/havas.cz\/en\/"},{"@type":"ListItem","position":2,"name":"Pressroom","item":"https:\/\/havas.cz\/pressroom\/"},{"@type":"ListItem","position":3,"name":"V podzimn\u00edm kole Sb\u00edrky potravin vybrala BILLA t\u00e9m\u011b\u0159 35 tun potravin a drogerie"}]},{"@type":"WebSite","@id":"https:\/\/havas.cz\/#website","url":"https:\/\/havas.cz\/","name":"Havas Prague","description":"Agentura Havas Prague. Vytv\u00e1\u0159\u00edme smyslupln\u00e1 spojen\u00ed mezi zna\u010dkami a spot\u0159ebiteli.","potentialAction":[{"@type":"SearchAction","target":{"@type":"EntryPoint","urlTemplate":"https:\/\/havas.cz\/?s={search_term_string}"},"query-input":{"@type":"PropertyValueSpecification","valueRequired":true,"valueName":"search_term_string"}}],"inLanguage":"en-US"}]}},"_links":{"self":[{"href":"https:\/\/havas.cz\/en\/wp-json\/wp\/v2\/pressroom\/6981","targetHints":{"allow":["GET"]}}],"collection":[{"href":"https:\/\/havas.cz\/en\/wp-json\/wp\/v2\/pressroom"}],"about":[{"href":"https:\/\/havas.cz\/en\/wp-json\/wp\/v2\/types\/pressroom"}],"author":[{"embeddable":true,"href":"https:\/\/havas.cz\/en\/wp-json\/wp\/v2\/users\/48"}],"wp:featuredmedia":[{"embeddable":true,"href":"https:\/\/havas.cz\/en\/wp-json\/wp\/v2\/media\/6300"}],"wp:attachment":[{"href":"https:\/\/havas.cz\/en\/wp-json\/wp\/v2\/media?parent=6981"}],"wp:term":[{"taxonomy":"pressroom_category","embeddable":true,"href":"https:\/\/havas.cz\/en\/wp-json\/wp\/v2\/pressroom_category?post=6981"},{"taxonomy":"pressroom_tag","embeddable":true,"href":"https:\/\/havas.cz\/en\/wp-json\/wp\/v2\/pressroom_tag?post=6981"}],"curies":[{"name":"wp","href":"https:\/\/api.w.org\/{rel}","templated":true}]}}