{"id":7941,"date":"2020-02-25T13:53:07","date_gmt":"2020-02-25T11:53:07","guid":{"rendered":"https:\/\/havas.cz\/?post_type=pressroom&#038;p=7941"},"modified":"2020-02-25T13:53:27","modified_gmt":"2020-02-25T11:53:27","slug":"svezi-velikonocni-speciality","status":"publish","type":"pressroom","link":"https:\/\/havas.cz\/en\/pressroom\/svezi-velikonocni-speciality\/","title":{"rendered":"Sv\u011b\u017e\u00ed velikono\u010dn\u00ed speciality"},"content":{"rendered":"<p><strong>Velikono\u010dn\u00ed vegetari\u00e1nsk\u00e1 n\u00e1divka<\/strong><\/p>\n<p><em>Doba p\u0159\u00edpravy: 75 minut \/ 4 porce<\/em><\/p>\n<p><strong><em>\u00a0Ingredience: <\/em><\/strong><\/p>\n<ul>\n<li>250 g brokolice Bon Via<\/li>\n<li>125 g kv\u011bt\u00e1ku<\/li>\n<li>125 g ch\u0159estu<\/li>\n<li>3 vejce BILLA<\/li>\n<li>100 g polohrub\u00e9 mouky BILLA<\/li>\n<li>1 s\u00e1\u010dek kyp\u0159ic\u00edho pr\u00e1\u0161ku<\/li>\n<li>1 l\u017ei\u010dka mu\u0161k\u00e1tov\u00e9ho o\u0159\u00ed\u0161ku<\/li>\n<li>1 l\u017ei\u010dka soli<\/li>\n<li>60 ml 12% smetany Clever<\/li>\n<li>4 strou\u017eky \u010desneku<\/li>\n<li>150 g strouhan\u00e9ho s\u00fdra Emmentaler BILLA<\/li>\n<li>tuk a&nbsp;hrub\u00e1 mouka na vysyp\u00e1n\u00ed formy<\/li>\n<\/ul>\n<p><em><strong>Postup: <\/strong><\/em><\/p>\n<p>P\u0159edeh\u0159ejte troubu na 180 \u00b0C. O\u010di\u0161t\u011bnou brokolici a&nbsp;kv\u011bt\u00e1k nakr\u00e1jejte na kousky a&nbsp;nechte asi 3 minuty pova\u0159it ve slan\u00e9 vod\u011b. Pot\u00e9 prudce zchla\u010fte a&nbsp;nechte okapat. To sam\u00e9 ud\u011blejte s&nbsp;ch\u0159estem, kter\u00fd nezapome\u0148te zbavit tu\u017e\u0161\u00edch konc\u016f. Z&nbsp;vajec odd\u011blte b\u00edlky a&nbsp;vy\u0161lehejte je do tuh\u00e9ho sn\u011bhu. Mouku sm\u00edchejte s&nbsp;kyp\u0159ic\u00edm pr\u00e1\u0161kem, mu\u0161k\u00e1tov\u00fdm o\u0159\u00ed\u0161kem, sol\u00ed a&nbsp;pot\u00e9 prom\u00edchejte s\u00a0p\u0159ipravenou zeleninou. \u017dloutky sm\u00edchejte se smetanou, prolisovan\u00fdm \u010desnekem a&nbsp;p\u0159ilijte k\u00a0ostatn\u00edm ingredienc\u00edm. P\u0159idejte s\u00fdr a&nbsp;dob\u0159e prom\u00edchejte. Sm\u011bs p\u0159endejte do vymazan\u00e9ho a&nbsp;moukou vysypan\u00e9ho pek\u00e1\u010de. Pot\u00e9 ji pokryjte vy\u0161lehan\u00fdm sn\u011bhem a&nbsp;znovu posypte s\u00fdrem. Pe\u010dte cca 50 minut. Na z\u00e1v\u011br n\u00e1divku ozdobte kl\u00ed\u010dky brokolice.<\/p>\n<p><strong>Jemn\u00e9 jid\u00e1\u0161e s\u00a0citronovou k\u016frou<\/strong><\/p>\n<p><strong>\u00a0<\/strong><em>Doba p\u0159\u00edpravy: 2 hodiny \/ 32 ks<\/em><\/p>\n<p><em><strong>\u00a0<\/strong><strong>Ingredience:<\/strong><\/em><\/p>\n<ul>\n<li>27 g dro\u017ed\u00ed<\/li>\n<li>93 g cukru krupice<\/li>\n<li>590 g hladk\u00e9 mouky BILLA<\/li>\n<li>300 ml vla\u017en\u00e9 smetany na va\u0159en\u00ed Clever<\/li>\n<li>7 g soli<\/li>\n<li>k\u016fra ze t\u0159\u00ed citron\u016f BILLA BIO<\/li>\n<li>2 l\u017ei\u010dky strouhan\u00e9ho mu\u0161k\u00e1tov\u00e9ho o\u0159\u00ed\u0161ku<\/li>\n<li>70 g m\u00e1sla BILLA<\/li>\n<li>3 \u017eloutky, pokojov\u00e9 teploty<\/li>\n<li>70 g medu BILLA<\/li>\n<\/ul>\n<p>Na pot\u0159en\u00ed a&nbsp;posyp\u00e1n\u00ed:<\/p>\n<ul>\n<li>1 vejce BILLA<\/li>\n<li>1 l\u017ei\u010dka drcen\u00e9ho m\u00e1ku<\/li>\n<\/ul>\n<p><em><strong>Postup: <\/strong><\/em><\/p>\n<p>Nejd\u0159\u00edve si p\u0159ipravte kv\u00e1sek. Odm\u011b\u0159en\u00e9 dro\u017ed\u00ed zasypte l\u017e\u00edc\u00ed cukru a&nbsp;dob\u0159e rozm\u00edchejte. Pot\u00e9 p\u0159idejte l\u017e\u00edci mouky, odlijte 100 ml vla\u017en\u00e9 smetany a&nbsp;nechte v\u0161e spole\u010dn\u011b vzej\u00edt. Do v\u011bt\u0161\u00ed m\u00edsy nasypte zbytek mouky a&nbsp;cukru, s\u016fl, k\u016fru z&nbsp;citron\u016f, mu\u0161k\u00e1tov\u00fd o\u0159\u00ed\u0161ek a&nbsp;v\u0161e dob\u0159e prom\u00edchejte. Nastrouhejte m\u00e1slo a&nbsp;p\u0159idejte do such\u00e9 sm\u011bsi. Zapn\u011bte robota na druh\u00fd stupe\u0148 rychlosti a&nbsp;postupn\u011b p\u0159id\u00e1vejte \u017eloutky, zbylou smetanu, med a&nbsp;vze\u0161l\u00fd kv\u00e1sek. Hn\u011b\u0165te asi 8 minut, dokud nen\u00ed t\u011bsto kr\u00e1sn\u011b hladk\u00e9 a&nbsp;pru\u017en\u00e9. Hotov\u00e9 pak nechte asi hodinu kynout do dvojn\u00e1sobn\u00e9ho objemu. Mezit\u00edm si p\u0159edeh\u0159ejte troubu na 190 \u00b0C. Nakynut\u00e9 t\u011bsto rozd\u011blte na 30g kousky a&nbsp;v\u0161echny sto\u010dte do uzl\u00edk\u016f dle libosti. Pot\u0159ete je vejcem sm\u00edchan\u00fdm s&nbsp;trochou vody, posypte m\u00e1kem, a&nbsp;je\u0161t\u011b nechte chv\u00edli dokynout na plechu. Pe\u010dte 10 minut dozlatova.<\/p>\n<p><strong>Produktov\u00e9 tipy BILLA<\/strong><\/p>\n<p><strong>Vejce L6 na podest\u00fdlce<\/strong><\/p>\n<ul>\n<li>Z\u00a0\u010desk\u00e9ho chovu<\/li>\n<li>Vejce nosnic v\u00a0hal\u00e1ch<br \/>\n<strong>Cena: 26,90&nbsp;K\u010d<\/strong><\/li>\n<\/ul>\n<p><strong>Strouhan\u00fd s\u00fdr Emmentaler <\/strong><\/p>\n<ul>\n<li>Snadn\u00e9 rozp\u00e9k\u00e1n\u00ed, neslep\u00ed se<\/li>\n<li>Znovuuzav\u00edrateln\u00fd obal<br \/>\n<strong>Cena: 32,90&nbsp;K\u010d<\/strong><\/li>\n<\/ul>\n<p><strong>\u00a0<\/strong><strong>Med kv\u011btov\u00fd \u010desk\u00fd <\/strong><\/p>\n<ul>\n<li>Vyrobeno v\u00a0\u010cesk\u00e9 republice<br \/>\n<strong>Cena: 94,90&nbsp;K\u010d<\/strong><\/li>\n<\/ul>\n<p><strong>\u00a0<\/strong><strong>Brokolice Bon Via <\/strong><\/p>\n<ul>\n<li>Vydatn\u00fd zdroj vitaminu A, B2 a&nbsp;C<\/li>\n<li>P\u0159\u00edmo od farm\u00e1\u0159\u016f ze slunn\u00fdch oblast\u00ed Evropy<br \/>\n<strong>Cena: 21,90&nbsp;K\u010d<\/strong><\/li>\n<\/ul>\n<p><strong>Polohrub\u00e1 mouka<\/strong><\/p>\n<ul>\n<li>Mleto ve ml\u00fdn\u011b se stoletou tradic\u00ed<br \/>\n<strong>Cena: 9,90&nbsp;K\u010d<\/strong><\/li>\n<\/ul>\n<p><strong>Citrony BILLA Bio<br \/>\n<\/strong><strong>\u00a0 \u00a0 \u00a0 \u00a0 \u00a0Cena: 44,90&nbsp;K\u010d<\/strong><\/p>\n<p><strong>\u010cesk\u00e9 m\u00e1slo<\/strong><\/p>\n<ul>\n<li>Obsahuje minim\u00e1ln\u011b 84\u00a0% ml\u00e9\u010dn\u00e9ho tuku z\u00a0\u010desk\u00e9ho ml\u00e9ka<br \/>\n<strong>Cena: 49,90&nbsp;K\u010d<\/strong><\/li>\n<\/ul>\n<p>&nbsp;<\/p>\n<p>&nbsp;<\/p>\n<div class=\"slider-gallery\" id=\"gslider_69f0240bf03cf\">\n    <div class=\"slider-gallery-inner fullwidth\">\n        <div class=\"slider-gallery-slides\">\n                                <div class=\"slider-gallery-item\">\n                                    <img decoding=\"async\" src=\"https:\/\/havas.cz\/wp-content\/uploads\/2020\/02\/gustoojaro-0000-gusto-jaro01235-nadivka-ig-1092x600.jpg\" alt=\"Vegetari\u00e1nsk\u00e1 n\u00e1divka\" class=\"img-fluid\" srcset=\"\n                        https:\/\/havas.cz\/wp-content\/uploads\/2020\/02\/gustoojaro-0000-gusto-jaro01235-nadivka-ig-1092x600.jpg 1092w,\n                        https:\/\/havas.cz\/wp-content\/uploads\/2020\/02\/gustoojaro-0000-gusto-jaro01235-nadivka-ig-885x498.jpg 885w,\n                        https:\/\/havas.cz\/wp-content\/uploads\/2020\/02\/gustoojaro-0000-gusto-jaro01235-nadivka-ig-885x498.jpg 690w,\n                        https:\/\/havas.cz\/wp-content\/uploads\/2020\/02\/gustoojaro-0000-gusto-jaro01235-nadivka-ig-885x498.jpg 600w\" sizes=\"(max-width: 1099px) 98vw, (min-width: 1100px) 1092px\">\n                            <\/div>\n                                <div class=\"slider-gallery-item\">\n                                    <img decoding=\"async\" src=\"https:\/\/havas.cz\/wp-content\/uploads\/2020\/02\/gustojaro-1092x600.jpg\" alt=\"Jemn\u00e9 jid\u00e1\u0161e s citronovou k\u016frou\" class=\"img-fluid\" srcset=\"\n                        https:\/\/havas.cz\/wp-content\/uploads\/2020\/02\/gustojaro-1092x600.jpg 1092w,\n                        https:\/\/havas.cz\/wp-content\/uploads\/2020\/02\/gustojaro-885x498.jpg 885w,\n                        https:\/\/havas.cz\/wp-content\/uploads\/2020\/02\/gustojaro-885x498.jpg 690w,\n                        https:\/\/havas.cz\/wp-content\/uploads\/2020\/02\/gustojaro-885x498.jpg 600w\" sizes=\"(max-width: 1099px) 98vw, (min-width: 1100px) 1092px\">\n                            <\/div>\n                                <div class=\"slider-gallery-item\">\n                                    <img decoding=\"async\" src=\"https:\/\/havas.cz\/wp-content\/uploads\/2020\/02\/vejce-1092x600.jpg\" alt=\"Vejce\" class=\"img-fluid\" srcset=\"\n                        https:\/\/havas.cz\/wp-content\/uploads\/2020\/02\/vejce-1092x600.jpg 1092w,\n                        https:\/\/havas.cz\/wp-content\/uploads\/2020\/02\/vejce-885x498.jpg 885w,\n                        https:\/\/havas.cz\/wp-content\/uploads\/2020\/02\/vejce-885x498.jpg 690w,\n                        https:\/\/havas.cz\/wp-content\/uploads\/2020\/02\/vejce-885x498.jpg 600w\" sizes=\"(max-width: 1099px) 98vw, (min-width: 1100px) 1092px\">\n                            <\/div>\n                                <div class=\"slider-gallery-item\">\n                                    <img decoding=\"async\" src=\"https:\/\/havas.cz\/wp-content\/uploads\/2020\/02\/emmentaler-1092x600.jpg\" alt=\"Emmentaler BILLA\" class=\"img-fluid\" srcset=\"\n                        https:\/\/havas.cz\/wp-content\/uploads\/2020\/02\/emmentaler-1092x600.jpg 1092w,\n                        https:\/\/havas.cz\/wp-content\/uploads\/2020\/02\/emmentaler-885x498.jpg 885w,\n                        https:\/\/havas.cz\/wp-content\/uploads\/2020\/02\/emmentaler-885x498.jpg 690w,\n                        https:\/\/havas.cz\/wp-content\/uploads\/2020\/02\/emmentaler-885x498.jpg 600w\" sizes=\"(max-width: 1099px) 98vw, (min-width: 1100px) 1092px\">\n                            <\/div>\n                                <div class=\"slider-gallery-item\">\n                                    <img decoding=\"async\" src=\"https:\/\/havas.cz\/wp-content\/uploads\/2020\/02\/med-1092x600.jpg\" alt=\"Med kv\u011btov\u00fd BILLA\" class=\"img-fluid\" srcset=\"\n                        https:\/\/havas.cz\/wp-content\/uploads\/2020\/02\/med-1092x600.jpg 1092w,\n                        https:\/\/havas.cz\/wp-content\/uploads\/2020\/02\/med-885x498.jpg 885w,\n                        https:\/\/havas.cz\/wp-content\/uploads\/2020\/02\/med-885x498.jpg 690w,\n                        https:\/\/havas.cz\/wp-content\/uploads\/2020\/02\/med-885x498.jpg 600w\" sizes=\"(max-width: 1099px) 98vw, (min-width: 1100px) 1092px\">\n                            <\/div>\n                                <div class=\"slider-gallery-item\">\n                                    <img decoding=\"async\" src=\"https:\/\/havas.cz\/wp-content\/uploads\/2020\/02\/brokolice-1092x600.jpg\" alt=\"Brokolice Bon Via \" class=\"img-fluid\" srcset=\"\n                        https:\/\/havas.cz\/wp-content\/uploads\/2020\/02\/brokolice-1092x600.jpg 1092w,\n                        https:\/\/havas.cz\/wp-content\/uploads\/2020\/02\/brokolice-885x498.jpg 885w,\n                        https:\/\/havas.cz\/wp-content\/uploads\/2020\/02\/brokolice-885x498.jpg 690w,\n                        https:\/\/havas.cz\/wp-content\/uploads\/2020\/02\/brokolice-885x498.jpg 600w\" sizes=\"(max-width: 1099px) 98vw, (min-width: 1100px) 1092px\">\n                            <\/div>\n                                <div class=\"slider-gallery-item\">\n                                    <img decoding=\"async\" src=\"https:\/\/havas.cz\/wp-content\/uploads\/2020\/02\/mouka-1092x600.jpg\" alt=\"Polohrub\u00e1 mouka BILLA \" class=\"img-fluid\" srcset=\"\n                        https:\/\/havas.cz\/wp-content\/uploads\/2020\/02\/mouka-1092x600.jpg 1092w,\n                        https:\/\/havas.cz\/wp-content\/uploads\/2020\/02\/mouka-885x498.jpg 885w,\n                        https:\/\/havas.cz\/wp-content\/uploads\/2020\/02\/mouka-885x498.jpg 690w,\n                        https:\/\/havas.cz\/wp-content\/uploads\/2020\/02\/mouka-885x498.jpg 600w\" sizes=\"(max-width: 1099px) 98vw, (min-width: 1100px) 1092px\">\n                            <\/div>\n                                <div class=\"slider-gallery-item\">\n                                    <img decoding=\"async\" src=\"https:\/\/havas.cz\/wp-content\/uploads\/2020\/02\/citrony-1092x600.jpg\" alt=\"Citr\u00f3ny BILLA Bio\" class=\"img-fluid\" srcset=\"\n                        https:\/\/havas.cz\/wp-content\/uploads\/2020\/02\/citrony-1092x600.jpg 1092w,\n                        https:\/\/havas.cz\/wp-content\/uploads\/2020\/02\/citrony-885x498.jpg 885w,\n                        https:\/\/havas.cz\/wp-content\/uploads\/2020\/02\/citrony-885x498.jpg 690w,\n                        https:\/\/havas.cz\/wp-content\/uploads\/2020\/02\/citrony-885x498.jpg 600w\" sizes=\"(max-width: 1099px) 98vw, (min-width: 1100px) 1092px\">\n                            <\/div>\n                                <div class=\"slider-gallery-item\">\n                                    <img decoding=\"async\" src=\"https:\/\/havas.cz\/wp-content\/uploads\/2020\/02\/maslo-1092x600.jpg\" alt=\"\u010cesk\u00e9 m\u00e1slo BILLA\" class=\"img-fluid\" srcset=\"\n                        https:\/\/havas.cz\/wp-content\/uploads\/2020\/02\/maslo-1092x600.jpg 1092w,\n                        https:\/\/havas.cz\/wp-content\/uploads\/2020\/02\/maslo-885x498.jpg 885w,\n                        https:\/\/havas.cz\/wp-content\/uploads\/2020\/02\/maslo-885x498.jpg 690w,\n                        https:\/\/havas.cz\/wp-content\/uploads\/2020\/02\/maslo-885x498.jpg 600w\" sizes=\"(max-width: 1099px) 98vw, (min-width: 1100px) 1092px\">\n                            <\/div>\n                <\/div>\n        <div class=\"slider-gallery-control-prev\"><span class=\"arrow\"><img decoding=\"async\" src=\"https:\/\/havas.cz\/wp-content\/themes\/havas2018\/img\/slider-gallery-arrow-prev.svg\" alt=\"\"><\/span><\/div>\n        <div class=\"slider-gallery-control-next\"><span class=\"arrow\"><img decoding=\"async\" src=\"https:\/\/havas.cz\/wp-content\/themes\/havas2018\/img\/slider-gallery-arrow-next.svg\" alt=\"\"><\/span><\/div>\n    <\/div>\n    <div class=\"gallery-caption\"><span class=\"gallery-slidenumber\"><span class=\"currentslidenumber\">1<\/span>\/9<\/span> <span class=\"currentslidecaption\">Vegetari\u00e1nsk\u00e1 n\u00e1divka<\/span><\/div>\n<\/div>\n\n<p><strong>Pro v\u00edce informac\u00ed pros\u00edm kontaktujte:<br \/>\n<\/strong><strong>Dana Brat\u00e1nkov\u00e1<br \/>\n<\/strong><strong>Mana\u017eerka korpor\u00e1tn\u00ed komunikace \/ Tiskov\u00e1 mluv\u010d\u00ed<br \/>\n<\/strong><strong>REWE GROUP \u010cesk\u00e1 republika, BILLA, spol. s\u00a0r.o.<br \/>\n<\/strong>Mobil: +420\u00a0606\u00a0099&nbsp;607<br \/>\nE-mail: <a href=\"mailto:d.bratankova@billa.cz\">d.bratankova@billa.cz<\/a><\/p>\n<p><strong>REWE International AG<\/strong> je l\u00eddrem na rakousk\u00e9m trhu v&nbsp;oblasti prodeje potravinov\u00e9ho a&nbsp;drogistick\u00e9ho zbo\u017e\u00ed a\u00a0jedn\u00edm z&nbsp;nejv\u011bt\u0161\u00edch zam\u011bstnavatel\u016f v&nbsp;Rakousku. Ve 3&nbsp;693 prodejn\u00e1ch v&nbsp;Evrop\u011b zam\u011bstn\u00e1v\u00e1 t\u00e9m\u011b\u0159 80\u00a0000\u00a0pracovn\u00edk\u016f.<\/p>\n<p>REWE International AG je sou\u010d\u00e1st\u00ed n\u011bmeck\u00e9 REWE Group, kter\u00e1 p\u016fsob\u00ed ve 13 zem\u00edch Evropy a&nbsp;pat\u0159\u00ed k\u00a0nejv\u00fdznamn\u011bj\u0161\u00edm evropsk\u00fdm maloobchodn\u00edm skupin\u00e1m a&nbsp;prodejc\u016fm rodinn\u00fdch dovolen\u00fdch.<\/p>\n<p>REWE International AG se s\u00eddlem v\u00a0rakousk\u00e9m Wiener Neudorf provozuje obchodn\u00ed spole\u010dnosti BILLA, MERKUR, PENNY, BIPA a\u00a0ADEG, a\u00a0\u0159adu vlastn\u00edch produktov\u00fdch zna\u010dek. V\u00a0segmentu supermarket\u016f m\u00e1 prodejny v\u00a07 zem\u00edch st\u0159edn\u00ed a\u00a0v\u00fdchodn\u00ed Evropy.<\/p>\n<p><strong>BILLA \u010cR<\/strong> je sou\u010d\u00e1st\u00ed skupiny REWE International AG. Na \u010desk\u00e9m trhu p\u016fsob\u00ed od roku 1991. S&nbsp;obratem ve v\u00fd\u0161i p\u0159es 34&nbsp;mld.&nbsp;K\u010d (2019), s&nbsp;232 prodejnami a&nbsp;v\u00edce ne\u017e 6&nbsp;000 zam\u011bstnanci je BILLA l\u00eddrem na trhu supermarket\u016f. Na pr\u016fm\u011brn\u00e9 prodejn\u00ed plo\u0161e 900 m2 nab\u00edz\u00ed \u0161irok\u00fd v\u00fdb\u011br produkt\u016f zn\u00e1m\u00fdch i&nbsp;priv\u00e1tn\u00edch zna\u010dek. Velk\u00fd d\u016fraz je kladen na \u010derstv\u00fd sortiment, jako jsou lah\u016fdky, pe\u010divo, ovoce a&nbsp;zelenina, ml\u00e9\u010dn\u00e9 produkty, maso a&nbsp;chlazen\u00e9 produkty.<\/p>\n<p>Spole\u010dnost BILLA se soust\u0159ed\u00ed na podporu \u010desk\u00fdch producent\u016f, proto \u010desk\u00e9 potraviny tvo\u0159\u00ed ji\u017e 78&nbsp;% jej\u00edho celkov\u00e9ho sortimentu. \u010cesk\u00e9 potraviny jsou tak\u00e9 sou\u010d\u00e1st\u00ed priv\u00e1tn\u00edch zna\u010dek \u0159et\u011bzce BILLA \u2013 Voc\u00edlka, \u010cesk\u00e1 farma, BILLA Na\u0161e bio, BILLA, BILLA Premium, BILLA Easy, BILLA BON VIA, Today, Clever, Vives, ZOO ROYAL nebo Milora.\u00a0 \u00dasp\u011bch priv\u00e1tn\u00edch zna\u010dek BILLA potvrzuj\u00ed i&nbsp;ocen\u011bn\u00ed v&nbsp;sout\u011b\u017ei Volba spot\u0159ebitel\u016f 2019, ve kter\u00e9 se na 1. m\u00edst\u011b um\u00edstilo hned 6 produktov\u00fdch novinek spole\u010dnosti BILLA. V&nbsp;listopadu 2019 z\u00edskala spole\u010dnosti BILLA mimo\u0159\u00e1dn\u00e9 ocen\u011bn\u00ed za dlouhodob\u00fd proaktivn\u00ed p\u0159\u00edstup k&nbsp;zaji\u0161t\u011bn\u00ed nab\u00eddky lok\u00e1ln\u00edch a&nbsp;tuzemsk\u00fdch produkt\u016f pro z\u00e1kazn\u00edky.<\/p>\n<p>V\u00edce informac\u00ed na: <a href=\"http:\/\/www.billa.cz\/\">http:\/\/www.billa.cz<\/a>.<\/p>\n","protected":false},"excerpt":{"rendered":"<p>Co by to bylo za Velikonoce bez mazance, kr\u00e1l\u00edka, n\u00e1divky \u010di drobn\u00fdch sladkost\u00ed? Pokud byste v\u0161ak i Vy cht\u011bli tradi\u010dn\u00ed kuchy\u0148 trochu odleh\u010dit, p\u0159ipravili jsme pro V\u00e1s origin\u00e1ln\u00ed recept na vegetari\u00e1nskou n\u00e1divku z t\u011bch nejkvalitn\u011bj\u0161\u00edch surovin, po kter\u00e9 se jen zapr\u00e1\u0161\u00ed. Milovn\u00edky sladk\u00e9ho (a snad i v\u0161echny koledn\u00edky) pak jist\u011b pot\u011b\u0161\u00ed jemn\u00e9 jid\u00e1\u0161e s citronovou k\u016frou, kter\u00e9 kombinuj\u00ed tradi\u010dn\u00ed chu\u0165 s v\u00fdrazn\u00fdmi citrusov\u00fdmi t\u00f3ny.   <\/p>\n","protected":false},"author":48,"featured_media":7950,"menu_order":0,"template":"","meta":{"_links_to":"","_links_to_target":""},"pressroom_category":[],"pressroom_tag":[202],"class_list":["post-7941","pressroom","type-pressroom","status-publish","has-post-thumbnail","hentry","pressroom_tag-billa"],"yoast_head":"<!-- This site is optimized with the Yoast SEO plugin v27.1.1 - https:\/\/yoast.com\/product\/yoast-seo-wordpress\/ -->\n<title>Sv\u011b\u017e\u00ed velikono\u010dn\u00ed speciality - Havas Prague<\/title>\n<meta name=\"robots\" content=\"index, follow, max-snippet:-1, max-image-preview:large, max-video-preview:-1\" \/>\n<link rel=\"canonical\" href=\"https:\/\/havas.cz\/en\/pressroom\/svezi-velikonocni-speciality\/\" \/>\n<meta property=\"og:locale\" content=\"en_US\" \/>\n<meta property=\"og:type\" content=\"article\" \/>\n<meta property=\"og:title\" content=\"Sv\u011b\u017e\u00ed velikono\u010dn\u00ed speciality - Havas Prague\" \/>\n<meta property=\"og:description\" content=\"Co by to bylo za Velikonoce bez mazance, kr\u00e1l\u00edka, n\u00e1divky \u010di drobn\u00fdch sladkost\u00ed? Pokud byste v\u0161ak i Vy cht\u011bli tradi\u010dn\u00ed kuchy\u0148 trochu odleh\u010dit, p\u0159ipravili jsme pro V\u00e1s origin\u00e1ln\u00ed recept na vegetari\u00e1nskou n\u00e1divku z t\u011bch nejkvalitn\u011bj\u0161\u00edch surovin, po kter\u00e9 se jen zapr\u00e1\u0161\u00ed. Milovn\u00edky sladk\u00e9ho (a snad i v\u0161echny koledn\u00edky) pak jist\u011b pot\u011b\u0161\u00ed jemn\u00e9 jid\u00e1\u0161e s citronovou k\u016frou, kter\u00e9 kombinuj\u00ed tradi\u010dn\u00ed chu\u0165 s v\u00fdrazn\u00fdmi citrusov\u00fdmi t\u00f3ny.\" \/>\n<meta property=\"og:url\" content=\"https:\/\/havas.cz\/en\/pressroom\/svezi-velikonocni-speciality\/\" \/>\n<meta property=\"og:site_name\" content=\"Havas Prague\" \/>\n<meta property=\"article:modified_time\" content=\"2020-02-25T11:53:27+00:00\" \/>\n<meta property=\"og:image\" content=\"https:\/\/havas.cz\/wp-content\/uploads\/2020\/02\/gusto1200x600-0000-gusto.jpg\" \/>\n\t<meta property=\"og:image:width\" content=\"1200\" \/>\n\t<meta property=\"og:image:height\" content=\"600\" \/>\n\t<meta property=\"og:image:type\" content=\"image\/jpeg\" \/>\n<meta name=\"twitter:card\" content=\"summary_large_image\" \/>\n<meta name=\"twitter:label1\" content=\"Est. reading time\" \/>\n\t<meta name=\"twitter:data1\" content=\"5 minutes\" \/>\n<script type=\"application\/ld+json\" class=\"yoast-schema-graph\">{\"@context\":\"https:\/\/schema.org\",\"@graph\":[{\"@type\":\"WebPage\",\"@id\":\"https:\/\/havas.cz\/en\/pressroom\/svezi-velikonocni-speciality\/\",\"url\":\"https:\/\/havas.cz\/en\/pressroom\/svezi-velikonocni-speciality\/\",\"name\":\"Sv\u011b\u017e\u00ed velikono\u010dn\u00ed speciality - Havas Prague\",\"isPartOf\":{\"@id\":\"https:\/\/havas.cz\/#website\"},\"primaryImageOfPage\":{\"@id\":\"https:\/\/havas.cz\/en\/pressroom\/svezi-velikonocni-speciality\/#primaryimage\"},\"image\":{\"@id\":\"https:\/\/havas.cz\/en\/pressroom\/svezi-velikonocni-speciality\/#primaryimage\"},\"thumbnailUrl\":\"https:\/\/havas.cz\/wp-content\/uploads\/2020\/02\/gusto1200x600-0000-gusto.jpg\",\"datePublished\":\"2020-02-25T11:53:07+00:00\",\"dateModified\":\"2020-02-25T11:53:27+00:00\",\"breadcrumb\":{\"@id\":\"https:\/\/havas.cz\/en\/pressroom\/svezi-velikonocni-speciality\/#breadcrumb\"},\"inLanguage\":\"en-US\",\"potentialAction\":[{\"@type\":\"ReadAction\",\"target\":[\"https:\/\/havas.cz\/en\/pressroom\/svezi-velikonocni-speciality\/\"]}]},{\"@type\":\"ImageObject\",\"inLanguage\":\"en-US\",\"@id\":\"https:\/\/havas.cz\/en\/pressroom\/svezi-velikonocni-speciality\/#primaryimage\",\"url\":\"https:\/\/havas.cz\/wp-content\/uploads\/2020\/02\/gusto1200x600-0000-gusto.jpg\",\"contentUrl\":\"https:\/\/havas.cz\/wp-content\/uploads\/2020\/02\/gusto1200x600-0000-gusto.jpg\",\"width\":1200,\"height\":600},{\"@type\":\"BreadcrumbList\",\"@id\":\"https:\/\/havas.cz\/en\/pressroom\/svezi-velikonocni-speciality\/#breadcrumb\",\"itemListElement\":[{\"@type\":\"ListItem\",\"position\":1,\"name\":\"Dom\u016f\",\"item\":\"https:\/\/havas.cz\/en\/\"},{\"@type\":\"ListItem\",\"position\":2,\"name\":\"Pressroom\",\"item\":\"https:\/\/havas.cz\/pressroom\/\"},{\"@type\":\"ListItem\",\"position\":3,\"name\":\"Sv\u011b\u017e\u00ed velikono\u010dn\u00ed speciality\"}]},{\"@type\":\"WebSite\",\"@id\":\"https:\/\/havas.cz\/#website\",\"url\":\"https:\/\/havas.cz\/\",\"name\":\"Havas Prague\",\"description\":\"Agentura Havas Prague. Vytv\u00e1\u0159\u00edme smyslupln\u00e1 spojen\u00ed mezi zna\u010dkami a spot\u0159ebiteli.\",\"potentialAction\":[{\"@type\":\"SearchAction\",\"target\":{\"@type\":\"EntryPoint\",\"urlTemplate\":\"https:\/\/havas.cz\/?s={search_term_string}\"},\"query-input\":{\"@type\":\"PropertyValueSpecification\",\"valueRequired\":true,\"valueName\":\"search_term_string\"}}],\"inLanguage\":\"en-US\"}]}<\/script>\n<!-- \/ Yoast SEO plugin. -->","yoast_head_json":{"title":"Sv\u011b\u017e\u00ed velikono\u010dn\u00ed speciality - Havas Prague","robots":{"index":"index","follow":"follow","max-snippet":"max-snippet:-1","max-image-preview":"max-image-preview:large","max-video-preview":"max-video-preview:-1"},"canonical":"https:\/\/havas.cz\/en\/pressroom\/svezi-velikonocni-speciality\/","og_locale":"en_US","og_type":"article","og_title":"Sv\u011b\u017e\u00ed velikono\u010dn\u00ed speciality - Havas Prague","og_description":"Co by to bylo za Velikonoce bez mazance, kr\u00e1l\u00edka, n\u00e1divky \u010di drobn\u00fdch sladkost\u00ed? Pokud byste v\u0161ak i Vy cht\u011bli tradi\u010dn\u00ed kuchy\u0148 trochu odleh\u010dit, p\u0159ipravili jsme pro V\u00e1s origin\u00e1ln\u00ed recept na vegetari\u00e1nskou n\u00e1divku z t\u011bch nejkvalitn\u011bj\u0161\u00edch surovin, po kter\u00e9 se jen zapr\u00e1\u0161\u00ed. Milovn\u00edky sladk\u00e9ho (a snad i v\u0161echny koledn\u00edky) pak jist\u011b pot\u011b\u0161\u00ed jemn\u00e9 jid\u00e1\u0161e s citronovou k\u016frou, kter\u00e9 kombinuj\u00ed tradi\u010dn\u00ed chu\u0165 s v\u00fdrazn\u00fdmi citrusov\u00fdmi t\u00f3ny.","og_url":"https:\/\/havas.cz\/en\/pressroom\/svezi-velikonocni-speciality\/","og_site_name":"Havas Prague","article_modified_time":"2020-02-25T11:53:27+00:00","og_image":[{"width":1200,"height":600,"url":"https:\/\/havas.cz\/wp-content\/uploads\/2020\/02\/gusto1200x600-0000-gusto.jpg","type":"image\/jpeg"}],"twitter_card":"summary_large_image","twitter_misc":{"Est. reading time":"5 minutes"},"schema":{"@context":"https:\/\/schema.org","@graph":[{"@type":"WebPage","@id":"https:\/\/havas.cz\/en\/pressroom\/svezi-velikonocni-speciality\/","url":"https:\/\/havas.cz\/en\/pressroom\/svezi-velikonocni-speciality\/","name":"Sv\u011b\u017e\u00ed velikono\u010dn\u00ed speciality - Havas Prague","isPartOf":{"@id":"https:\/\/havas.cz\/#website"},"primaryImageOfPage":{"@id":"https:\/\/havas.cz\/en\/pressroom\/svezi-velikonocni-speciality\/#primaryimage"},"image":{"@id":"https:\/\/havas.cz\/en\/pressroom\/svezi-velikonocni-speciality\/#primaryimage"},"thumbnailUrl":"https:\/\/havas.cz\/wp-content\/uploads\/2020\/02\/gusto1200x600-0000-gusto.jpg","datePublished":"2020-02-25T11:53:07+00:00","dateModified":"2020-02-25T11:53:27+00:00","breadcrumb":{"@id":"https:\/\/havas.cz\/en\/pressroom\/svezi-velikonocni-speciality\/#breadcrumb"},"inLanguage":"en-US","potentialAction":[{"@type":"ReadAction","target":["https:\/\/havas.cz\/en\/pressroom\/svezi-velikonocni-speciality\/"]}]},{"@type":"ImageObject","inLanguage":"en-US","@id":"https:\/\/havas.cz\/en\/pressroom\/svezi-velikonocni-speciality\/#primaryimage","url":"https:\/\/havas.cz\/wp-content\/uploads\/2020\/02\/gusto1200x600-0000-gusto.jpg","contentUrl":"https:\/\/havas.cz\/wp-content\/uploads\/2020\/02\/gusto1200x600-0000-gusto.jpg","width":1200,"height":600},{"@type":"BreadcrumbList","@id":"https:\/\/havas.cz\/en\/pressroom\/svezi-velikonocni-speciality\/#breadcrumb","itemListElement":[{"@type":"ListItem","position":1,"name":"Dom\u016f","item":"https:\/\/havas.cz\/en\/"},{"@type":"ListItem","position":2,"name":"Pressroom","item":"https:\/\/havas.cz\/pressroom\/"},{"@type":"ListItem","position":3,"name":"Sv\u011b\u017e\u00ed velikono\u010dn\u00ed speciality"}]},{"@type":"WebSite","@id":"https:\/\/havas.cz\/#website","url":"https:\/\/havas.cz\/","name":"Havas Prague","description":"Agentura Havas Prague. Vytv\u00e1\u0159\u00edme smyslupln\u00e1 spojen\u00ed mezi zna\u010dkami a spot\u0159ebiteli.","potentialAction":[{"@type":"SearchAction","target":{"@type":"EntryPoint","urlTemplate":"https:\/\/havas.cz\/?s={search_term_string}"},"query-input":{"@type":"PropertyValueSpecification","valueRequired":true,"valueName":"search_term_string"}}],"inLanguage":"en-US"}]}},"_links":{"self":[{"href":"https:\/\/havas.cz\/en\/wp-json\/wp\/v2\/pressroom\/7941","targetHints":{"allow":["GET"]}}],"collection":[{"href":"https:\/\/havas.cz\/en\/wp-json\/wp\/v2\/pressroom"}],"about":[{"href":"https:\/\/havas.cz\/en\/wp-json\/wp\/v2\/types\/pressroom"}],"author":[{"embeddable":true,"href":"https:\/\/havas.cz\/en\/wp-json\/wp\/v2\/users\/48"}],"wp:featuredmedia":[{"embeddable":true,"href":"https:\/\/havas.cz\/en\/wp-json\/wp\/v2\/media\/7950"}],"wp:attachment":[{"href":"https:\/\/havas.cz\/en\/wp-json\/wp\/v2\/media?parent=7941"}],"wp:term":[{"taxonomy":"pressroom_category","embeddable":true,"href":"https:\/\/havas.cz\/en\/wp-json\/wp\/v2\/pressroom_category?post=7941"},{"taxonomy":"pressroom_tag","embeddable":true,"href":"https:\/\/havas.cz\/en\/wp-json\/wp\/v2\/pressroom_tag?post=7941"}],"curies":[{"name":"wp","href":"https:\/\/api.w.org\/{rel}","templated":true}]}}