{"id":9300,"date":"2020-06-17T17:00:22","date_gmt":"2020-06-17T15:00:22","guid":{"rendered":"https:\/\/havas.cz\/?post_type=pressroom&#038;p=9300"},"modified":"2020-07-15T15:17:04","modified_gmt":"2020-07-15T13:17:04","slug":"kvalitni-a-cerstve-potraviny-nakoupi-zakaznici-nove-i-v-podebradech-billa-zde-otevrela-svoji-235-prodejnu-v-cr","status":"publish","type":"pressroom","link":"https:\/\/havas.cz\/en\/pressroom\/kvalitni-a-cerstve-potraviny-nakoupi-zakaznici-nove-i-v-podebradech-billa-zde-otevrela-svoji-235-prodejnu-v-cr\/","title":{"rendered":"Kvalitn\u00ed a \u010derstv\u00e9 potraviny nakoup\u00ed z\u00e1kazn\u00edci nov\u011b i v Pod\u011bbradech. BILLA zde otev\u0159ela svoji 235. prodejnu v \u010cR"},"content":{"rendered":"<p><strong>Spole\u010dnost BILLA dnes otev\u00edr\u00e1 svoji 235. prodejnu v\u00a0ulici U&nbsp;Ba\u017eantice v&nbsp;Pod\u011bbradech. Stejn\u011b jako v\u00a0ostatn\u00edch supermarketech tohoto \u0159et\u011bzce, i&nbsp;zde z\u00e1kazn\u00edci naleznou \u0161irokou nab\u00eddku kvalitn\u00edch a\u00a0\u010derstv\u00fdch produkt\u016f, k\u0159upav\u00e9 pe\u010divo a&nbsp;potraviny od\u00a0tuzemsk\u00fdch v\u00fdrobc\u016f nebo region\u00e1ln\u00ed speciality v&nbsp;reg\u00e1lu s\u00a0ozna\u010den\u00edm BILLA Region\u00e1ln\u011b.\u00a0<\/strong><\/p>\n<p>Nov\u00e1 pod\u011bbradsk\u00e1 prodejna BILLA se otev\u0159ela ve\u0159ejnosti dnes <strong>ve st\u0159edu 17.&nbsp;\u010dervna 2020 v\u00a07.00 hodin r\u00e1no<\/strong>. Na prvot\u0159\u00eddn\u00ed sortiment se z\u00e1kazn\u00edci mohou t\u011b\u0161it na <strong>prodejn\u00ed plo\u0161e o&nbsp;rozloze 900 m<sup>2<\/sup>. <\/strong>K\u00a0pohodln\u00e9mu n\u00e1kupu p\u0159isp\u011bje i&nbsp;<strong>77 parkovac\u00edch m\u00edst v\u010detn\u011b t\u011bch pro rodi\u010de s\u00a0d\u011btmi a&nbsp;hendikepovan\u00e9<\/strong>. Prvn\u00ed den \u010dek\u00e1 na n\u00e1v\u0161t\u011bvn\u00edky mal\u00e1 pozornost, ka\u017ed\u00fd ze z\u00e1kazn\u00edk\u016f obdr\u017e\u00ed n\u00e1kupn\u00ed ta\u0161ku zdarma a&nbsp;k\u00a0n\u00e1kupu nad 500 korun tak\u00e9 \u0161umiv\u00e9 v\u00edno.<\/p>\n<p><em>\u201eT\u011b\u0161\u00ed n\u00e1s, \u017ee po 6 letech p\u0159\u00edprav m\u016f\u017eeme dnes umo\u017enit i&nbsp;obyvatel\u016fm Pod\u011bbrad a&nbsp;okol\u00ed nakoupit si sv\u00e9 obl\u00edben\u00e9 zbo\u017e\u00ed v\u00a0na\u0161em nov\u00e9m supermarketu. V\u00a0reg\u00e1lech naleznou na\u0161i z\u00e1kazn\u00edci na 9\u00a0000 artikl\u016f, v\u010detn\u011b produkt\u016f na\u0161ich 11 priv\u00e1tn\u00edch zna\u010dek. A\u017e 59&nbsp;% na\u0161ich produkt\u016f je z\u00a0\u010desk\u00e9 produkce,\u201c<\/em> \u0159\u00edk\u00e1 Jaroslaw Szczypka, gener\u00e1ln\u00ed \u0159editel BILLA \u010cR.<\/p>\n<p>Tato prodejna bude otev\u0159ena <strong>od pond\u011bl\u00ed do soboty od 7.00 do 20.00 hodin, v\u00a0ned\u011bli pak od 8.00 do 20.00 hodin<\/strong>.<\/p>\n<p><strong>V\u00fdhody pro \u010dleny BILLA Bonus Club<\/strong><\/p>\n<p>Nejstar\u0161\u00ed a&nbsp;nej\u00fasp\u011b\u0161n\u011bj\u0161\u00ed v\u011brnostn\u00ed syst\u00e9m v&nbsp;sou\u010dasnosti registruje p\u0159es dva miliony \u010dlen\u016f a&nbsp;v\u00edce ne\u017e 60&nbsp;% z\u00a0nich svoji klubovou kartu aktivn\u011b vyu\u017e\u00edv\u00e1 nejm\u00e9n\u011b jednou t\u00fddn\u011b. Tak\u00e9 v\u00a0nov\u00e9m supermarketu v&nbsp;Da\u010di\u010d\u00edch z\u00edskaj\u00ed z\u00e1kazn\u00edci BILLA Bonus Clubu nap\u0159\u00edklad slevu a\u017e \u00a0\u00a0\u00a050&nbsp;% na vybran\u00fd b\u011b\u017en\u00fd sortiment a\u00a0n\u011bkolikr\u00e1t ro\u010dn\u011b tak\u00e9 10% slevu na cel\u00fd n\u00e1kup. V\u00a0neposledn\u00ed \u0159ad\u011b pak \u010dlenov\u00e9 BILLA Bonus Clubu z\u00edsk\u00e1vaj\u00ed zdarma sv\u016fj obl\u00edben\u00fd \u010dasopis Gusto.<\/p>\n<p><strong>Bohat\u00fd v\u00fdb\u011br produkt\u016f vlastn\u00edch zna\u010dek BILLA<\/strong><\/p>\n<p>Pod zna\u010dkou BILLA si mohou z\u00e1kazn\u00edci vybrat z\u00a0vysoce kvalitn\u00edch potravin za p\u0159\u00edznivou cenu. \u010cerstv\u00e9 maso v\u00fdhradn\u011b z\u00a0\u010desk\u00fdch chov\u016f zaru\u010duje zna\u010dka Voc\u00edlka. \u010cesk\u00e9 tradi\u010dn\u00ed ovoce a&nbsp;zeleninu nab\u00edz\u00ed zna\u010dka \u010cesk\u00e1 farma. Spo\u0159iv\u00ed z\u00e1kazn\u00edci se mohou spolehnout na produkty zna\u010dky Clever. Sal\u00e1ty, oblo\u017een\u00e9 bagety a&nbsp;hotov\u00e1 j\u00eddla nab\u00edz\u00ed BILLA Easy. Zna\u010dka BILLA Premium zahrnuje \u0161pi\u010dkov\u00e9 potraviny pro ty nejv\u011bt\u0161\u00ed gurm\u00e1ny.<\/p>\n<p><strong>BILLA podporuje \u010desk\u00e9 dodavatele<\/strong><\/p>\n<p>P\u0159ednost\u00ed s\u00edt\u011b prodejen BILLA v\u00a0\u010cesk\u00e9 republice je nab\u00eddka rozmanit\u00e9 palety \u010desk\u00fdch v\u00fdrobk\u016f. BILLA je\u00a0v\u00a0\u010cesk\u00e9 republice pr\u016fkopn\u00edkem v\u00a0podpo\u0159e \u010desk\u00fdch region\u00e1ln\u00edch dodavatel\u016f. Jejich produkty ve sv\u00fdch prodejn\u00e1ch nab\u00edz\u00ed za p\u0159\u00edzniv\u00e9 ceny<\/p>\n<p><strong>Pro v\u00edce informac\u00ed pros\u00edm kontaktujte:<\/strong><\/p>\n<p><strong>Dana Brat\u00e1nkov\u00e1<\/strong><\/p>\n<p><strong>Mana\u017eerka korpor\u00e1tn\u00ed komunikace \/ Tiskov\u00e1 mluv\u010d\u00ed<\/strong><\/p>\n<p><strong>REWE GROUP \u010cesk\u00e1 republika, BILLA, spol. s\u00a0r.o.<\/strong><\/p>\n<p>Mobil: +420\u00a0606\u00a0099&nbsp;607<\/p>\n<p>E-mail: <a href=\"mailto:d.bratankova@billa.cz\">d.bratankova@billa.cz<\/a><\/p>\n<p><strong>REWE International AG<\/strong> je l\u00eddrem na rakousk\u00e9m trhu v&nbsp;oblasti prodeje potravinov\u00e9ho a&nbsp;drogistick\u00e9ho zbo\u017e\u00ed a\u00a0jedn\u00edm z&nbsp;nejv\u011bt\u0161\u00edch zam\u011bstnavatel\u016f v&nbsp;Rakousku. Ve 3&nbsp;693 prodejn\u00e1ch v&nbsp;Evrop\u011b zam\u011bstn\u00e1v\u00e1 t\u00e9m\u011b\u0159 80\u00a0000\u00a0pracovn\u00edk\u016f.<\/p>\n<p>REWE International AG je sou\u010d\u00e1st\u00ed n\u011bmeck\u00e9 REWE Group, kter\u00e1 p\u016fsob\u00ed ve 13 zem\u00edch Evropy a&nbsp;pat\u0159\u00ed k\u00a0nejv\u00fdznamn\u011bj\u0161\u00edm evropsk\u00fdm maloobchodn\u00edm skupin\u00e1m a&nbsp;prodejc\u016fm rodinn\u00fdch dovolen\u00fdch.<\/p>\n<p>REWE International AG se s\u00eddlem v\u00a0rakousk\u00e9m Wiener Neudorf provozuje obchodn\u00ed spole\u010dnosti BILLA, MERKUR, PENNY, BIPA a\u00a0ADEG, a\u00a0\u0159adu vlastn\u00edch produktov\u00fdch zna\u010dek. V\u00a0segmentu supermarket\u016f m\u00e1 prodejny v\u00a07 zem\u00edch st\u0159edn\u00ed a\u00a0v\u00fdchodn\u00ed Evropy.<\/p>\n<p><strong>BILLA \u010cR<\/strong> je sou\u010d\u00e1st\u00ed skupiny REWE International AG. Na \u010desk\u00e9m trhu p\u016fsob\u00ed od roku 1991. S&nbsp;obratem ve v\u00fd\u0161i p\u0159es 34&nbsp;mld.&nbsp;K\u010d (2019), s&nbsp;234 prodejnami a&nbsp;v\u00edce ne\u017e 6&nbsp;000 zam\u011bstnanci je BILLA l\u00eddrem na trhu supermarket\u016f. Na pr\u016fm\u011brn\u00e9 prodejn\u00ed plo\u0161e 900 m<sup>2<\/sup> nab\u00edz\u00ed \u0161irok\u00fd v\u00fdb\u011br produkt\u016f zn\u00e1m\u00fdch i&nbsp;priv\u00e1tn\u00edch zna\u010dek.<\/p>\n<p>&nbsp;<\/p>\n<p>&nbsp;<\/p>\n","protected":false},"excerpt":{"rendered":"<p>Nov\u00fd supermarket naleznou z\u00e1kazn\u00edci v ulici U Ba\u017eantice v Pod\u011bbradech. Jedn\u00e1 se o 40. supermarket ve St\u0159edo\u010desk\u00e9m kraji . V leto\u0161n\u00edm roce je to v po\u0159ad\u00ed t\u0159et\u00ed prodejna, kterou BILLA v \u010cR otev\u00edr\u00e1. <\/p>\n","protected":false},"author":48,"featured_media":9309,"menu_order":0,"template":"","meta":{"_links_to":"","_links_to_target":""},"pressroom_category":[],"pressroom_tag":[202],"class_list":["post-9300","pressroom","type-pressroom","status-publish","has-post-thumbnail","hentry","pressroom_tag-billa"],"yoast_head":"<!-- This site is optimized with the Yoast SEO plugin v27.1.1 - https:\/\/yoast.com\/product\/yoast-seo-wordpress\/ -->\n<title>Kvalitn\u00ed a \u010derstv\u00e9 potraviny nakoup\u00ed z\u00e1kazn\u00edci nov\u011b i v Pod\u011bbradech. BILLA zde otev\u0159ela svoji 235. prodejnu v \u010cR - Havas Prague<\/title>\n<meta name=\"robots\" content=\"index, follow, max-snippet:-1, max-image-preview:large, max-video-preview:-1\" \/>\n<link rel=\"canonical\" href=\"https:\/\/havas.cz\/en\/pressroom\/kvalitni-a-cerstve-potraviny-nakoupi-zakaznici-nove-i-v-podebradech-billa-zde-otevrela-svoji-235-prodejnu-v-cr\/\" \/>\n<meta property=\"og:locale\" content=\"en_US\" \/>\n<meta property=\"og:type\" content=\"article\" \/>\n<meta property=\"og:title\" content=\"Kvalitn\u00ed a \u010derstv\u00e9 potraviny nakoup\u00ed z\u00e1kazn\u00edci nov\u011b i v Pod\u011bbradech. BILLA zde otev\u0159ela svoji 235. prodejnu v \u010cR - Havas Prague\" \/>\n<meta property=\"og:description\" content=\"Nov\u00fd supermarket naleznou z\u00e1kazn\u00edci v ulici U Ba\u017eantice v Pod\u011bbradech. Jedn\u00e1 se o 40. supermarket ve St\u0159edo\u010desk\u00e9m kraji . V leto\u0161n\u00edm roce je to v po\u0159ad\u00ed t\u0159et\u00ed prodejna, kterou BILLA v \u010cR otev\u00edr\u00e1.\" \/>\n<meta property=\"og:url\" content=\"https:\/\/havas.cz\/en\/pressroom\/kvalitni-a-cerstve-potraviny-nakoupi-zakaznici-nove-i-v-podebradech-billa-zde-otevrela-svoji-235-prodejnu-v-cr\/\" \/>\n<meta property=\"og:site_name\" content=\"Havas Prague\" \/>\n<meta property=\"article:modified_time\" content=\"2020-07-15T13:17:04+00:00\" \/>\n<meta property=\"og:image\" content=\"https:\/\/havas.cz\/wp-content\/uploads\/2020\/06\/billaobchod1200x600-0000-ilustracni-fotografie-125.jpg\" \/>\n\t<meta property=\"og:image:width\" content=\"1200\" \/>\n\t<meta property=\"og:image:height\" content=\"600\" \/>\n\t<meta property=\"og:image:type\" content=\"image\/jpeg\" \/>\n<meta name=\"twitter:card\" content=\"summary_large_image\" \/>\n<meta name=\"twitter:label1\" content=\"Est. reading time\" \/>\n\t<meta name=\"twitter:data1\" content=\"4 minutes\" \/>\n<script type=\"application\/ld+json\" class=\"yoast-schema-graph\">{\"@context\":\"https:\/\/schema.org\",\"@graph\":[{\"@type\":\"WebPage\",\"@id\":\"https:\/\/havas.cz\/en\/pressroom\/kvalitni-a-cerstve-potraviny-nakoupi-zakaznici-nove-i-v-podebradech-billa-zde-otevrela-svoji-235-prodejnu-v-cr\/\",\"url\":\"https:\/\/havas.cz\/en\/pressroom\/kvalitni-a-cerstve-potraviny-nakoupi-zakaznici-nove-i-v-podebradech-billa-zde-otevrela-svoji-235-prodejnu-v-cr\/\",\"name\":\"Kvalitn\u00ed a \u010derstv\u00e9 potraviny nakoup\u00ed z\u00e1kazn\u00edci nov\u011b i v Pod\u011bbradech. BILLA zde otev\u0159ela svoji 235. prodejnu v \u010cR - Havas Prague\",\"isPartOf\":{\"@id\":\"https:\/\/havas.cz\/#website\"},\"primaryImageOfPage\":{\"@id\":\"https:\/\/havas.cz\/en\/pressroom\/kvalitni-a-cerstve-potraviny-nakoupi-zakaznici-nove-i-v-podebradech-billa-zde-otevrela-svoji-235-prodejnu-v-cr\/#primaryimage\"},\"image\":{\"@id\":\"https:\/\/havas.cz\/en\/pressroom\/kvalitni-a-cerstve-potraviny-nakoupi-zakaznici-nove-i-v-podebradech-billa-zde-otevrela-svoji-235-prodejnu-v-cr\/#primaryimage\"},\"thumbnailUrl\":\"https:\/\/havas.cz\/wp-content\/uploads\/2020\/06\/billaobchod1200x600-0000-ilustracni-fotografie-125.jpg\",\"datePublished\":\"2020-06-17T15:00:22+00:00\",\"dateModified\":\"2020-07-15T13:17:04+00:00\",\"breadcrumb\":{\"@id\":\"https:\/\/havas.cz\/en\/pressroom\/kvalitni-a-cerstve-potraviny-nakoupi-zakaznici-nove-i-v-podebradech-billa-zde-otevrela-svoji-235-prodejnu-v-cr\/#breadcrumb\"},\"inLanguage\":\"en-US\",\"potentialAction\":[{\"@type\":\"ReadAction\",\"target\":[\"https:\/\/havas.cz\/en\/pressroom\/kvalitni-a-cerstve-potraviny-nakoupi-zakaznici-nove-i-v-podebradech-billa-zde-otevrela-svoji-235-prodejnu-v-cr\/\"]}]},{\"@type\":\"ImageObject\",\"inLanguage\":\"en-US\",\"@id\":\"https:\/\/havas.cz\/en\/pressroom\/kvalitni-a-cerstve-potraviny-nakoupi-zakaznici-nove-i-v-podebradech-billa-zde-otevrela-svoji-235-prodejnu-v-cr\/#primaryimage\",\"url\":\"https:\/\/havas.cz\/wp-content\/uploads\/2020\/06\/billaobchod1200x600-0000-ilustracni-fotografie-125.jpg\",\"contentUrl\":\"https:\/\/havas.cz\/wp-content\/uploads\/2020\/06\/billaobchod1200x600-0000-ilustracni-fotografie-125.jpg\",\"width\":1200,\"height\":600},{\"@type\":\"BreadcrumbList\",\"@id\":\"https:\/\/havas.cz\/en\/pressroom\/kvalitni-a-cerstve-potraviny-nakoupi-zakaznici-nove-i-v-podebradech-billa-zde-otevrela-svoji-235-prodejnu-v-cr\/#breadcrumb\",\"itemListElement\":[{\"@type\":\"ListItem\",\"position\":1,\"name\":\"Dom\u016f\",\"item\":\"https:\/\/havas.cz\/en\/\"},{\"@type\":\"ListItem\",\"position\":2,\"name\":\"Pressroom\",\"item\":\"https:\/\/havas.cz\/pressroom\/\"},{\"@type\":\"ListItem\",\"position\":3,\"name\":\"Kvalitn\u00ed a \u010derstv\u00e9 potraviny nakoup\u00ed z\u00e1kazn\u00edci nov\u011b i v Pod\u011bbradech. BILLA zde otev\u0159ela svoji 235. prodejnu v \u010cR\"}]},{\"@type\":\"WebSite\",\"@id\":\"https:\/\/havas.cz\/#website\",\"url\":\"https:\/\/havas.cz\/\",\"name\":\"Havas Prague\",\"description\":\"Agentura Havas Prague. Vytv\u00e1\u0159\u00edme smyslupln\u00e1 spojen\u00ed mezi zna\u010dkami a spot\u0159ebiteli.\",\"potentialAction\":[{\"@type\":\"SearchAction\",\"target\":{\"@type\":\"EntryPoint\",\"urlTemplate\":\"https:\/\/havas.cz\/?s={search_term_string}\"},\"query-input\":{\"@type\":\"PropertyValueSpecification\",\"valueRequired\":true,\"valueName\":\"search_term_string\"}}],\"inLanguage\":\"en-US\"}]}<\/script>\n<!-- \/ Yoast SEO plugin. -->","yoast_head_json":{"title":"Kvalitn\u00ed a \u010derstv\u00e9 potraviny nakoup\u00ed z\u00e1kazn\u00edci nov\u011b i v Pod\u011bbradech. BILLA zde otev\u0159ela svoji 235. prodejnu v \u010cR - Havas Prague","robots":{"index":"index","follow":"follow","max-snippet":"max-snippet:-1","max-image-preview":"max-image-preview:large","max-video-preview":"max-video-preview:-1"},"canonical":"https:\/\/havas.cz\/en\/pressroom\/kvalitni-a-cerstve-potraviny-nakoupi-zakaznici-nove-i-v-podebradech-billa-zde-otevrela-svoji-235-prodejnu-v-cr\/","og_locale":"en_US","og_type":"article","og_title":"Kvalitn\u00ed a \u010derstv\u00e9 potraviny nakoup\u00ed z\u00e1kazn\u00edci nov\u011b i v Pod\u011bbradech. BILLA zde otev\u0159ela svoji 235. prodejnu v \u010cR - Havas Prague","og_description":"Nov\u00fd supermarket naleznou z\u00e1kazn\u00edci v ulici U Ba\u017eantice v Pod\u011bbradech. Jedn\u00e1 se o 40. supermarket ve St\u0159edo\u010desk\u00e9m kraji . V leto\u0161n\u00edm roce je to v po\u0159ad\u00ed t\u0159et\u00ed prodejna, kterou BILLA v \u010cR otev\u00edr\u00e1.","og_url":"https:\/\/havas.cz\/en\/pressroom\/kvalitni-a-cerstve-potraviny-nakoupi-zakaznici-nove-i-v-podebradech-billa-zde-otevrela-svoji-235-prodejnu-v-cr\/","og_site_name":"Havas Prague","article_modified_time":"2020-07-15T13:17:04+00:00","og_image":[{"width":1200,"height":600,"url":"https:\/\/havas.cz\/wp-content\/uploads\/2020\/06\/billaobchod1200x600-0000-ilustracni-fotografie-125.jpg","type":"image\/jpeg"}],"twitter_card":"summary_large_image","twitter_misc":{"Est. reading time":"4 minutes"},"schema":{"@context":"https:\/\/schema.org","@graph":[{"@type":"WebPage","@id":"https:\/\/havas.cz\/en\/pressroom\/kvalitni-a-cerstve-potraviny-nakoupi-zakaznici-nove-i-v-podebradech-billa-zde-otevrela-svoji-235-prodejnu-v-cr\/","url":"https:\/\/havas.cz\/en\/pressroom\/kvalitni-a-cerstve-potraviny-nakoupi-zakaznici-nove-i-v-podebradech-billa-zde-otevrela-svoji-235-prodejnu-v-cr\/","name":"Kvalitn\u00ed a \u010derstv\u00e9 potraviny nakoup\u00ed z\u00e1kazn\u00edci nov\u011b i v Pod\u011bbradech. BILLA zde otev\u0159ela svoji 235. prodejnu v \u010cR - Havas Prague","isPartOf":{"@id":"https:\/\/havas.cz\/#website"},"primaryImageOfPage":{"@id":"https:\/\/havas.cz\/en\/pressroom\/kvalitni-a-cerstve-potraviny-nakoupi-zakaznici-nove-i-v-podebradech-billa-zde-otevrela-svoji-235-prodejnu-v-cr\/#primaryimage"},"image":{"@id":"https:\/\/havas.cz\/en\/pressroom\/kvalitni-a-cerstve-potraviny-nakoupi-zakaznici-nove-i-v-podebradech-billa-zde-otevrela-svoji-235-prodejnu-v-cr\/#primaryimage"},"thumbnailUrl":"https:\/\/havas.cz\/wp-content\/uploads\/2020\/06\/billaobchod1200x600-0000-ilustracni-fotografie-125.jpg","datePublished":"2020-06-17T15:00:22+00:00","dateModified":"2020-07-15T13:17:04+00:00","breadcrumb":{"@id":"https:\/\/havas.cz\/en\/pressroom\/kvalitni-a-cerstve-potraviny-nakoupi-zakaznici-nove-i-v-podebradech-billa-zde-otevrela-svoji-235-prodejnu-v-cr\/#breadcrumb"},"inLanguage":"en-US","potentialAction":[{"@type":"ReadAction","target":["https:\/\/havas.cz\/en\/pressroom\/kvalitni-a-cerstve-potraviny-nakoupi-zakaznici-nove-i-v-podebradech-billa-zde-otevrela-svoji-235-prodejnu-v-cr\/"]}]},{"@type":"ImageObject","inLanguage":"en-US","@id":"https:\/\/havas.cz\/en\/pressroom\/kvalitni-a-cerstve-potraviny-nakoupi-zakaznici-nove-i-v-podebradech-billa-zde-otevrela-svoji-235-prodejnu-v-cr\/#primaryimage","url":"https:\/\/havas.cz\/wp-content\/uploads\/2020\/06\/billaobchod1200x600-0000-ilustracni-fotografie-125.jpg","contentUrl":"https:\/\/havas.cz\/wp-content\/uploads\/2020\/06\/billaobchod1200x600-0000-ilustracni-fotografie-125.jpg","width":1200,"height":600},{"@type":"BreadcrumbList","@id":"https:\/\/havas.cz\/en\/pressroom\/kvalitni-a-cerstve-potraviny-nakoupi-zakaznici-nove-i-v-podebradech-billa-zde-otevrela-svoji-235-prodejnu-v-cr\/#breadcrumb","itemListElement":[{"@type":"ListItem","position":1,"name":"Dom\u016f","item":"https:\/\/havas.cz\/en\/"},{"@type":"ListItem","position":2,"name":"Pressroom","item":"https:\/\/havas.cz\/pressroom\/"},{"@type":"ListItem","position":3,"name":"Kvalitn\u00ed a \u010derstv\u00e9 potraviny nakoup\u00ed z\u00e1kazn\u00edci nov\u011b i v Pod\u011bbradech. BILLA zde otev\u0159ela svoji 235. prodejnu v \u010cR"}]},{"@type":"WebSite","@id":"https:\/\/havas.cz\/#website","url":"https:\/\/havas.cz\/","name":"Havas Prague","description":"Agentura Havas Prague. Vytv\u00e1\u0159\u00edme smyslupln\u00e1 spojen\u00ed mezi zna\u010dkami a spot\u0159ebiteli.","potentialAction":[{"@type":"SearchAction","target":{"@type":"EntryPoint","urlTemplate":"https:\/\/havas.cz\/?s={search_term_string}"},"query-input":{"@type":"PropertyValueSpecification","valueRequired":true,"valueName":"search_term_string"}}],"inLanguage":"en-US"}]}},"_links":{"self":[{"href":"https:\/\/havas.cz\/en\/wp-json\/wp\/v2\/pressroom\/9300","targetHints":{"allow":["GET"]}}],"collection":[{"href":"https:\/\/havas.cz\/en\/wp-json\/wp\/v2\/pressroom"}],"about":[{"href":"https:\/\/havas.cz\/en\/wp-json\/wp\/v2\/types\/pressroom"}],"author":[{"embeddable":true,"href":"https:\/\/havas.cz\/en\/wp-json\/wp\/v2\/users\/48"}],"wp:featuredmedia":[{"embeddable":true,"href":"https:\/\/havas.cz\/en\/wp-json\/wp\/v2\/media\/9309"}],"wp:attachment":[{"href":"https:\/\/havas.cz\/en\/wp-json\/wp\/v2\/media?parent=9300"}],"wp:term":[{"taxonomy":"pressroom_category","embeddable":true,"href":"https:\/\/havas.cz\/en\/wp-json\/wp\/v2\/pressroom_category?post=9300"},{"taxonomy":"pressroom_tag","embeddable":true,"href":"https:\/\/havas.cz\/en\/wp-json\/wp\/v2\/pressroom_tag?post=9300"}],"curies":[{"name":"wp","href":"https:\/\/api.w.org\/{rel}","templated":true}]}}