{"id":9362,"date":"2020-07-01T14:01:02","date_gmt":"2020-07-01T12:01:02","guid":{"rendered":"https:\/\/havas.cz\/?post_type=pressroom&#038;p=9362"},"modified":"2020-07-24T09:55:20","modified_gmt":"2020-07-24T07:55:20","slug":"pribeh-pacientky-s-migrenou","status":"publish","type":"pressroom","link":"https:\/\/havas.cz\/en\/pressroom\/pribeh-pacientky-s-migrenou\/","title":{"rendered":"P\u0159\u00edb\u011bh pacientky s migr\u00e9nou"},"content":{"rendered":"<p>Bolesti hlavy se u&nbsp;m\u011b za\u010daly objevovat u\u017e v&nbsp;d\u011btstv\u00ed a&nbsp;zpo\u010d\u00e1tku n\u00e1s p\u0159\u00edli\u0161 neznepokojovaly. Pak ale nabraly na intenzit\u011b, p\u0159idalo se zvracen\u00ed a&nbsp;neovladateln\u00e1 \u00fanava. Najednou jsem m\u011bla pocit, \u017ee mi ulet\u00ed p\u016flka hlavy, a&nbsp;pochopila jsem, jak velk\u00fd rozd\u00edl je mezi b\u011b\u017enou bolest\u00ed hlavy a&nbsp;migr\u00e9nou. M\u016fj stav se natolik zhor\u0161il, \u017ee m\u011b migr\u00e9na tr\u00e1pila p\u011btkr\u00e1t za m\u011bs\u00edc. M\u00e9 z\u00e1chvaty b\u011b\u017en\u011b trvaly t\u0159i dny, a&nbsp;proto jsem b\u00fdvala z\u00a0norm\u00e1ln\u00edho fungov\u00e1n\u00ed vy\u0159azena m\u011bs\u00ed\u010dn\u011b a\u017e na 15 dn\u00ed.<\/p>\n<p>B\u011bhem t\u011bchto dn\u016f jsem zvracela a&nbsp;\u010dasto byla tak vy\u010derpan\u00e1, \u017ee jsem se po z\u00e1chvatu migr\u00e9ny jen obt\u00ed\u017en\u011b vracela do b\u011b\u017en\u00e9ho denn\u00edho re\u017eimu. Nen\u00ed to v\u0161ak jen o&nbsp;samotn\u00e9 paralyzuj\u00edc\u00ed bolesti. Kdy\u017e m\u00e1m migr\u00e9nu, vad\u00ed mi snad \u00fapln\u011b v\u0161echno. Ostr\u00e9 sv\u011btlo, parf\u00e9m kolegy, kter\u00fd sed\u00ed vedle m\u011b v\u00a0pr\u00e1ci, ale i\u00a0oby\u010dejn\u00e9 \u0161ust\u011bn\u00ed pap\u00edru. Ob\u010das si pust\u00edm hudbu, kter\u00e1 mi od bolesti alespo\u0148 trochu odv\u00e1d\u00ed pozornost, ale v\u011bt\u0161inou jedin\u00e9, co mi doopravdy pom\u016f\u017ee, je vz\u00edt si co nejd\u0159\u00edve pr\u00e1\u0161ek, zav\u0159\u00edt se do \u00fapln\u00e9ho klidu a\u00a0tmy a&nbsp;odpo\u010d\u00edvat.<\/p>\n<p><strong>Migr\u00e9na mi ni\u010dila \u017eivot<\/strong><\/p>\n<p>Vyrovnat se s\u00a0t\u00edm, \u017ee trp\u00edm migr\u00e9nou, mi trvalo pom\u011brn\u011b dlouho. D\u0159\u00edve jsem se sna\u017eila z\u00e1chvaty p\u0159ekonat, nikomu o&nbsp;migr\u00e9n\u011b ne\u0159\u00edkat a&nbsp;prost\u011b to n\u011bjak p\u0159etrp\u011bt. I&nbsp;tak jsem se ale setk\u00e1vala s\u00a0koment\u00e1\u0159i typu <em>\u201eJani\u010dka \u0161la dom\u016f, zase ji bol\u00ed hlavi\u010dka\u201c<\/em>. Tak\u00e9 v\u00a0partnersk\u00e9m \u017eivot\u011b jsem \u010dasto nar\u00e1\u017eela na nepochopen\u00ed, \u017ee p\u0159i migr\u00e9n\u011b nemohu fungovat a&nbsp;starat se o&nbsp;dom\u00e1cnost. \u017de ob\u010das mus\u00edm zru\u0161it spole\u010dn\u00fd v\u00edkend, proto\u017ee jsem hospitalizovan\u00e1 v\u00a0nemocnici na kapa\u010dk\u00e1ch. Lid\u00e9, kte\u0159\u00ed migr\u00e9nu nikdy nepoznali, ob\u010das t\u011b\u017eko ch\u00e1pou, co v\u0161echno obn\u00e1\u0161\u00ed. N\u011bkdy jednodu\u0161e nev\u011bd\u00ed, \u017ee opravdu nejde jen o\u00a0siln\u011bj\u0161\u00ed bolest hlavy, kterou za\u017eenete b\u011b\u017en\u011b dostupn\u00fdmi l\u00e9ky na bolest.<\/p>\n<p><strong>Je to o&nbsp;hled\u00e1n\u00ed spr\u00e1vn\u00e9 l\u00e9\u010dby s&nbsp;l\u00e9ka\u0159em<\/strong><\/p>\n<p>L\u00e9ka\u0159i mi dlouho nedok\u00e1zali pomoct a&nbsp;m\u00e9 probl\u00e9my n\u011bkte\u0159\u00ed dokonce zleh\u010dovali. Pot\u00fdkala jsem se tak\u00e9 s\u00a0n\u00e1zorem, \u017ee v\u00a0takto \u00fatl\u00e9m v\u011bku se nem\u016f\u017ee jednat o&nbsp;migr\u00e9nu. I&nbsp;p\u0159esto, \u017ee mi byla migr\u00e9na n\u00e1sledn\u011b diagnostikov\u00e1na, dlouho se neda\u0159ilo naj\u00edt l\u00e9\u010dbu, kter\u00e1 by mi ulevila. Rozhodla jsem se pro dal\u0161\u00ed zm\u011bnu specialisty, kter\u00fd mi p\u0159edepsal triptany, c\u00edlen\u00e9 l\u00e9ky pro akutn\u00ed l\u00e9\u010dbu z\u00e1chvat\u016f, a&nbsp;v\u00edce se mnou hovo\u0159il o\u00a0mo\u017enostech l\u00e9\u010dby. Samoz\u0159ejm\u011b nezafungovaly hned ty prvn\u00ed, museli jsme hledat takov\u00e9, kter\u00e9 budou na m\u00e9 p\u0159\u00edznaky p\u016fsobit co nejide\u00e1ln\u011bji. Od t\u00e9 doby je v\u017edy nos\u00edm u&nbsp;sebe.<\/p>\n<p>M\u00e9 z\u00e1chvaty byly ale velmi intenzivn\u00ed a&nbsp;\u010dast\u00e9. Dostala jsem se v\u0161ak do p\u00e9\u010de m\u00e9ho sou\u010dasn\u00e9ho l\u00e9ka\u0159e, kter\u00fd je na\u0161t\u011bst\u00ed velmi proaktivn\u00ed a&nbsp;neust\u00e1le m\u011b informuje o&nbsp;v\u0161ech mo\u017enostech l\u00e9\u010dby. Pr\u00e1v\u011b on mi doporu\u010dil preventivn\u00ed l\u00e9\u010dbu. I&nbsp;u&nbsp;tohoto typu l\u00e9\u010dby bylo nutn\u00e9 naj\u00edt takovou, kter\u00e1 mi vyhovuje. A\u00a0vyplatilo se to. S&nbsp;posledn\u00ed preventivn\u00ed l\u00e9\u010dbou se m\u016fj stav v\u00fdrazn\u011b zlep\u0161il. Po\u010det m\u00fdch migren\u00f3zn\u00edch z\u00e1chvat\u016f se sn\u00ed\u017eil, a&nbsp;j\u00e1 tak m\u016f\u017eu z\u00edskan\u00fd \u010das vyu\u017e\u00edt pro drahocenn\u00e9 chv\u00edle s\u00a0rodinou, p\u0159\u00e1teli, ale taky pro pln\u011bn\u00ed kari\u00e9rn\u00edch sn\u016f. Ur\u010dit\u011b bych doporu\u010dila nenechat se odradit prvn\u00ed \u0161patnou zku\u0161enost\u00ed, hledat nov\u00e9 informace a&nbsp;pt\u00e1t se, jak\u00e9 jsou mo\u017enosti l\u00e9\u010dby, a&nbsp;v\u00a0ka\u017ed\u00e9m p\u0159\u00edpad\u011b j\u00edt za odborn\u00edkem, neurologem.<\/p>\n<p><strong>Lid\u00e9 migr\u00e9nu pochop\u00ed, kdy\u017e jim d\u00e1te \u0161anci<\/strong><\/p>\n<p>\u0158e\u0161en\u00ed migr\u00e9ny s\u00a0m\u00fdm neurologem mi dodalo odvahu za\u010d\u00edt o&nbsp;n\u00ed mluvit i&nbsp;se sv\u00fdm okol\u00edm. Sv\u011b\u0159ila jsem se sv\u00fdm p\u0159\u00e1tel\u016fm, koleg\u016fm i&nbsp;nad\u0159\u00edzen\u00fdm v\u00a0pr\u00e1ci. Jejich reakce m\u011b p\u0159ekvapily. P\u0159ev\u00e1\u017en\u00e1 v\u011bt\u0161ina jich reagovala velmi empaticky. Od t\u00e9 doby se mi sna\u017e\u00ed moji situaci usnad\u0148ovat. Kdy\u017e m\u011b zas\u00e1hne migr\u00e9na, m\u016f\u017eu bez probl\u00e9mu odej\u00edt z\u00a0pr\u00e1ce dom\u016f a&nbsp;napracovat si tento \u010das jindy. Kdy\u017e pot\u0159ebuji vyzvednout l\u00e9ky nebo odv\u00e9zt do nemocnice, v\u017edy se najde n\u011bkdo, kdo mi pom\u016f\u017ee. Je to uvol\u0148uj\u00edc\u00ed pocit, kter\u00fd mi ve zvl\u00e1d\u00e1n\u00ed m\u00fdch migr\u00e9n hodn\u011b pom\u00e1h\u00e1. P\u0159edev\u0161\u00edm proto je d\u016fle\u017eit\u00e9 o&nbsp;migr\u00e9n\u011b mluvit a&nbsp;tak\u00e9 se neb\u00e1t \u0159\u00edct si o&nbsp;pomoc. Vysv\u011btlit rodin\u011b a&nbsp;okol\u00ed, co pro\u017e\u00edv\u00e1me, aby v\u016fbec m\u011bli \u0161anci v\u00e1s pochopit. To je ta spr\u00e1vn\u00e1 cesta.<\/p>\n<p>Jana S.<\/p>\n<p><strong>O migr\u00e9n\u011b<\/strong><\/p>\n<p>Migr\u00e9na je z\u00e1va\u017en\u00e9 neurologick\u00e9 onemocn\u011bn\u00ed, kter\u00e9 postihuje a\u017e 10\u00a0% \u010desk\u00e9 populace a&nbsp;je dom\u00e9nou \u017een.<sup>3<\/sup> I&nbsp;p\u0159es \u00fapornou bolest, kter\u00e1 nemocn\u00e9 tr\u00e1p\u00ed i&nbsp;n\u011bkolikr\u00e1t za m\u011bs\u00edc, doprov\u00e1zenou nevolnost\u00ed, poruchami vid\u011bn\u00ed a&nbsp;citlivost\u00ed na sv\u011btlo a&nbsp;zvuky, ji st\u00e1le a\u017e 40\u00a0% z\u00a0nich nem\u00e1 diagnostikovanou.<sup>4<\/sup> Jeliko\u017e postihuje nej\u010dast\u011bji populaci v\u00a0produktivn\u00edm v\u011bku, v\u00fdrazn\u011b zasahuje i&nbsp;do jejich pracovn\u00edho \u017eivota. Dok\u00e1\u017ee sebrat a\u017e cel\u00fd jeden pracovn\u00ed m\u011bs\u00edc v\u00a0roce.<sup>5,6 <\/sup>Je proto d\u016fle\u017eit\u00e9 se o&nbsp;sv\u00e9 zdrav\u00ed aktivn\u011b zaj\u00edmat a\u00a0v\u00a0p\u0159\u00edpad\u011b podez\u0159en\u00ed na migr\u00e9nu nav\u0161t\u00edvit sv\u00e9ho praktick\u00e9ho l\u00e9ka\u0159e. Ten v\u00e1s dle z\u00e1va\u017enosti migr\u00e9ny pot\u00e9 m\u016f\u017ee p\u0159edat do p\u00e9\u010de neurologa nebo p\u0159\u00edmo do certifikovan\u00e9ho centra pro diagnostiku a&nbsp;l\u00e9\u010dbu bolest\u00ed hlavy. V\u00edce informac\u00ed na <a href=\"http:\/\/www.omigrene.cz\">www.omigrene.cz<\/a>.<\/p>\n<p><strong>\u00a0<\/strong><\/p>\n<p><strong>Kontakt pro m\u00e9dia: <\/strong><\/p>\n<p>Mark\u00e9ta Stillerov\u00e1 PR Director, Havas, 702\u00a0213\u00a0341, <a href=\"mailto:marketa.stillerova@havaspr.com\">marketa.stillerova@havaspr.com<\/a><\/p>\n<p>Krist\u00fdna Hudeov\u00e1, PR Manager, Havas, 727\u00a0818\u00a0975, <a href=\"mailto:kristyna.hudeova@havaspr.com\">kristyna.hudeova@havaspr.com<\/a><\/p>\n<p>&nbsp;<\/p>\n<p>Zdroje:<\/p>\n<ol>\n<li>Vos T et al. 2016; 388(10053): 1545\u20131602.<\/li>\n<li>Woldeamanuel YW, Cowan RP. <em>J Neurol Sci.<\/em> 2017; 372: 307\u2013315.<\/li>\n<li>Lipton RB et al. <em>Neurology<\/em>. 2007; 68: 343\u2013349.<\/li>\n<li>Diamond S&nbsp;et al. 2007; 47: 355\u2013363.<\/li>\n<li>World Health Organisation. <em>Headache Disorders<\/em>, http:\/\/www.who.int\/mediacentre\/factsheets\/fs277\/en\/. Last Accessed October&nbsp;2017.<\/li>\n<li>Steiner TJ et al. The impact of headache in Europe: principal results of the Eurolight project. <em>J Headache Pain<\/em>. 2014; 15:31: 1146\u20131158.<\/li>\n<\/ol>\n","protected":false},"excerpt":{"rendered":"<p>Ka\u017ed\u00e9ho z n\u00e1s ob\u010das rozbol\u00ed hlava. Vezmeme si pr\u00e1\u0161ek na bolest a zbytek dne n\u011bjak p\u0159ekon\u00e1me. To ale neplat\u00ed pro lidi trp\u00edc\u00ed migr\u00e9nou, kter\u00fdch je v \u010cesku a\u017e 1 milion.<sup>1,2<\/sup> Pat\u0159\u00ed mezi n\u011b i Jana S., kter\u00e1 je stejn\u011b jako v\u0161ichni ostatn\u00ed migrenici d\u016fkazem toho, \u017ee migr\u00e9nu jen tak nep\u0159ekon\u00e1 ani ten nejsiln\u011bj\u0161\u00ed \u010dlov\u011bk. S migr\u00e9nou se pot\u00fdk\u00e1 ji\u017e od \u00fatl\u00e9ho v\u011bku. Ne\u017e se v\u0161ak dostala k adekv\u00e1tn\u00ed l\u00e9\u010db\u011b pro tohle z\u00e1va\u017en\u00e9, a p\u0159itom \u010dasto podce\u0148ovan\u00e9 onemocn\u011bn\u00ed, musela si proj\u00edt opravdu dlouhou cestu. \u201eMigr\u00e9na mi ovliv\u0148uje \u017eivot ka\u017ed\u00fd den. Z\u00e1chvat u m\u011b trv\u00e1 i 3 dny a nen\u00ed to pouze o bolesti, ale o cel\u00e9 \u0159ad\u011b doprovodn\u00fdch p\u0159\u00edznak\u016f, kter\u00e9 v\u00e1s dostanou na kolena. Kdy\u017e p\u0159ijde, mus\u00edm prakticky v\u0161e pod\u0159\u00eddit migr\u00e9n\u011b. B\u011bhem z\u00e1chvatu nejste schopni d\u011blat \u017e\u00e1dnou fyzickou ani psychickou aktivitu, i kdy\u017e sebev\u00edc chcete. Nepostar\u00e1te se o dom\u00e1cnost, nem\u016f\u017eete pracovat a mnohdy si ani doj\u00edt pro l\u00e9ky. Projevy migr\u00e9ny zkr\u00e1tka jen tak nerozchod\u00edte,\u201c \u0159\u00edk\u00e1 Jana S. z Prahy (33 let). <\/p>\n","protected":false},"author":48,"featured_media":9382,"menu_order":0,"template":"","meta":{"_links_to":"","_links_to_target":""},"pressroom_category":[],"pressroom_tag":[204],"class_list":["post-9362","pressroom","type-pressroom","status-publish","has-post-thumbnail","hentry","pressroom_tag-zdravi"],"yoast_head":"<!-- This site is optimized with the Yoast SEO plugin v27.1.1 - https:\/\/yoast.com\/product\/yoast-seo-wordpress\/ -->\n<title>P\u0159\u00edb\u011bh pacientky s migr\u00e9nou - Havas Prague<\/title>\n<meta name=\"robots\" content=\"index, follow, max-snippet:-1, max-image-preview:large, max-video-preview:-1\" \/>\n<link rel=\"canonical\" href=\"https:\/\/havas.cz\/en\/pressroom\/pribeh-pacientky-s-migrenou\/\" \/>\n<meta property=\"og:locale\" content=\"en_US\" \/>\n<meta property=\"og:type\" content=\"article\" \/>\n<meta property=\"og:title\" content=\"P\u0159\u00edb\u011bh pacientky s migr\u00e9nou - Havas Prague\" \/>\n<meta property=\"og:description\" content=\"Ka\u017ed\u00e9ho z n\u00e1s ob\u010das rozbol\u00ed hlava. Vezmeme si pr\u00e1\u0161ek na bolest a zbytek dne n\u011bjak p\u0159ekon\u00e1me. To ale neplat\u00ed pro lidi trp\u00edc\u00ed migr\u00e9nou, kter\u00fdch je v \u010cesku a\u017e 1 milion.1,2 Pat\u0159\u00ed mezi n\u011b i Jana S., kter\u00e1 je stejn\u011b jako v\u0161ichni ostatn\u00ed migrenici d\u016fkazem toho, \u017ee migr\u00e9nu jen tak nep\u0159ekon\u00e1 ani ten nejsiln\u011bj\u0161\u00ed \u010dlov\u011bk. S migr\u00e9nou se pot\u00fdk\u00e1 ji\u017e od \u00fatl\u00e9ho v\u011bku. Ne\u017e se v\u0161ak dostala k adekv\u00e1tn\u00ed l\u00e9\u010db\u011b pro tohle z\u00e1va\u017en\u00e9, a p\u0159itom \u010dasto podce\u0148ovan\u00e9 onemocn\u011bn\u00ed, musela si proj\u00edt opravdu dlouhou cestu. \u201eMigr\u00e9na mi ovliv\u0148uje \u017eivot ka\u017ed\u00fd den. Z\u00e1chvat u m\u011b trv\u00e1 i 3 dny a nen\u00ed to pouze o bolesti, ale o cel\u00e9 \u0159ad\u011b doprovodn\u00fdch p\u0159\u00edznak\u016f, kter\u00e9 v\u00e1s dostanou na kolena. Kdy\u017e p\u0159ijde, mus\u00edm prakticky v\u0161e pod\u0159\u00eddit migr\u00e9n\u011b. B\u011bhem z\u00e1chvatu nejste schopni d\u011blat \u017e\u00e1dnou fyzickou ani psychickou aktivitu, i kdy\u017e sebev\u00edc chcete. Nepostar\u00e1te se o dom\u00e1cnost, nem\u016f\u017eete pracovat a mnohdy si ani doj\u00edt pro l\u00e9ky. Projevy migr\u00e9ny zkr\u00e1tka jen tak nerozchod\u00edte,\u201c \u0159\u00edk\u00e1 Jana S. z Prahy (33 let).\" \/>\n<meta property=\"og:url\" content=\"https:\/\/havas.cz\/en\/pressroom\/pribeh-pacientky-s-migrenou\/\" \/>\n<meta property=\"og:site_name\" content=\"Havas Prague\" \/>\n<meta property=\"article:modified_time\" content=\"2020-07-24T07:55:20+00:00\" \/>\n<meta property=\"og:image\" content=\"https:\/\/havas.cz\/wp-content\/uploads\/2020\/07\/migrena1200x600-0000-migrena-1.jpg\" \/>\n\t<meta property=\"og:image:width\" content=\"1200\" \/>\n\t<meta property=\"og:image:height\" content=\"600\" \/>\n\t<meta property=\"og:image:type\" content=\"image\/jpeg\" \/>\n<meta name=\"twitter:card\" content=\"summary_large_image\" \/>\n<meta name=\"twitter:label1\" content=\"Est. reading time\" \/>\n\t<meta name=\"twitter:data1\" content=\"6 minutes\" \/>\n<script type=\"application\/ld+json\" class=\"yoast-schema-graph\">{\"@context\":\"https:\/\/schema.org\",\"@graph\":[{\"@type\":\"WebPage\",\"@id\":\"https:\/\/havas.cz\/en\/pressroom\/pribeh-pacientky-s-migrenou\/\",\"url\":\"https:\/\/havas.cz\/en\/pressroom\/pribeh-pacientky-s-migrenou\/\",\"name\":\"P\u0159\u00edb\u011bh pacientky s migr\u00e9nou - Havas Prague\",\"isPartOf\":{\"@id\":\"https:\/\/havas.cz\/#website\"},\"primaryImageOfPage\":{\"@id\":\"https:\/\/havas.cz\/en\/pressroom\/pribeh-pacientky-s-migrenou\/#primaryimage\"},\"image\":{\"@id\":\"https:\/\/havas.cz\/en\/pressroom\/pribeh-pacientky-s-migrenou\/#primaryimage\"},\"thumbnailUrl\":\"https:\/\/havas.cz\/wp-content\/uploads\/2020\/07\/migrena1200x600-0000-migrena-1.jpg\",\"datePublished\":\"2020-07-01T12:01:02+00:00\",\"dateModified\":\"2020-07-24T07:55:20+00:00\",\"breadcrumb\":{\"@id\":\"https:\/\/havas.cz\/en\/pressroom\/pribeh-pacientky-s-migrenou\/#breadcrumb\"},\"inLanguage\":\"en-US\",\"potentialAction\":[{\"@type\":\"ReadAction\",\"target\":[\"https:\/\/havas.cz\/en\/pressroom\/pribeh-pacientky-s-migrenou\/\"]}]},{\"@type\":\"ImageObject\",\"inLanguage\":\"en-US\",\"@id\":\"https:\/\/havas.cz\/en\/pressroom\/pribeh-pacientky-s-migrenou\/#primaryimage\",\"url\":\"https:\/\/havas.cz\/wp-content\/uploads\/2020\/07\/migrena1200x600-0000-migrena-1.jpg\",\"contentUrl\":\"https:\/\/havas.cz\/wp-content\/uploads\/2020\/07\/migrena1200x600-0000-migrena-1.jpg\",\"width\":1200,\"height\":600},{\"@type\":\"BreadcrumbList\",\"@id\":\"https:\/\/havas.cz\/en\/pressroom\/pribeh-pacientky-s-migrenou\/#breadcrumb\",\"itemListElement\":[{\"@type\":\"ListItem\",\"position\":1,\"name\":\"Dom\u016f\",\"item\":\"https:\/\/havas.cz\/en\/\"},{\"@type\":\"ListItem\",\"position\":2,\"name\":\"Pressroom\",\"item\":\"https:\/\/havas.cz\/pressroom\/\"},{\"@type\":\"ListItem\",\"position\":3,\"name\":\"P\u0159\u00edb\u011bh pacientky s migr\u00e9nou\"}]},{\"@type\":\"WebSite\",\"@id\":\"https:\/\/havas.cz\/#website\",\"url\":\"https:\/\/havas.cz\/\",\"name\":\"Havas Prague\",\"description\":\"Agentura Havas Prague. Vytv\u00e1\u0159\u00edme smyslupln\u00e1 spojen\u00ed mezi zna\u010dkami a spot\u0159ebiteli.\",\"potentialAction\":[{\"@type\":\"SearchAction\",\"target\":{\"@type\":\"EntryPoint\",\"urlTemplate\":\"https:\/\/havas.cz\/?s={search_term_string}\"},\"query-input\":{\"@type\":\"PropertyValueSpecification\",\"valueRequired\":true,\"valueName\":\"search_term_string\"}}],\"inLanguage\":\"en-US\"}]}<\/script>\n<!-- \/ Yoast SEO plugin. -->","yoast_head_json":{"title":"P\u0159\u00edb\u011bh pacientky s migr\u00e9nou - Havas Prague","robots":{"index":"index","follow":"follow","max-snippet":"max-snippet:-1","max-image-preview":"max-image-preview:large","max-video-preview":"max-video-preview:-1"},"canonical":"https:\/\/havas.cz\/en\/pressroom\/pribeh-pacientky-s-migrenou\/","og_locale":"en_US","og_type":"article","og_title":"P\u0159\u00edb\u011bh pacientky s migr\u00e9nou - Havas Prague","og_description":"Ka\u017ed\u00e9ho z n\u00e1s ob\u010das rozbol\u00ed hlava. Vezmeme si pr\u00e1\u0161ek na bolest a zbytek dne n\u011bjak p\u0159ekon\u00e1me. To ale neplat\u00ed pro lidi trp\u00edc\u00ed migr\u00e9nou, kter\u00fdch je v \u010cesku a\u017e 1 milion.1,2 Pat\u0159\u00ed mezi n\u011b i Jana S., kter\u00e1 je stejn\u011b jako v\u0161ichni ostatn\u00ed migrenici d\u016fkazem toho, \u017ee migr\u00e9nu jen tak nep\u0159ekon\u00e1 ani ten nejsiln\u011bj\u0161\u00ed \u010dlov\u011bk. S migr\u00e9nou se pot\u00fdk\u00e1 ji\u017e od \u00fatl\u00e9ho v\u011bku. Ne\u017e se v\u0161ak dostala k adekv\u00e1tn\u00ed l\u00e9\u010db\u011b pro tohle z\u00e1va\u017en\u00e9, a p\u0159itom \u010dasto podce\u0148ovan\u00e9 onemocn\u011bn\u00ed, musela si proj\u00edt opravdu dlouhou cestu. \u201eMigr\u00e9na mi ovliv\u0148uje \u017eivot ka\u017ed\u00fd den. Z\u00e1chvat u m\u011b trv\u00e1 i 3 dny a nen\u00ed to pouze o bolesti, ale o cel\u00e9 \u0159ad\u011b doprovodn\u00fdch p\u0159\u00edznak\u016f, kter\u00e9 v\u00e1s dostanou na kolena. Kdy\u017e p\u0159ijde, mus\u00edm prakticky v\u0161e pod\u0159\u00eddit migr\u00e9n\u011b. B\u011bhem z\u00e1chvatu nejste schopni d\u011blat \u017e\u00e1dnou fyzickou ani psychickou aktivitu, i kdy\u017e sebev\u00edc chcete. Nepostar\u00e1te se o dom\u00e1cnost, nem\u016f\u017eete pracovat a mnohdy si ani doj\u00edt pro l\u00e9ky. Projevy migr\u00e9ny zkr\u00e1tka jen tak nerozchod\u00edte,\u201c \u0159\u00edk\u00e1 Jana S. z Prahy (33 let).","og_url":"https:\/\/havas.cz\/en\/pressroom\/pribeh-pacientky-s-migrenou\/","og_site_name":"Havas Prague","article_modified_time":"2020-07-24T07:55:20+00:00","og_image":[{"width":1200,"height":600,"url":"https:\/\/havas.cz\/wp-content\/uploads\/2020\/07\/migrena1200x600-0000-migrena-1.jpg","type":"image\/jpeg"}],"twitter_card":"summary_large_image","twitter_misc":{"Est. reading time":"6 minutes"},"schema":{"@context":"https:\/\/schema.org","@graph":[{"@type":"WebPage","@id":"https:\/\/havas.cz\/en\/pressroom\/pribeh-pacientky-s-migrenou\/","url":"https:\/\/havas.cz\/en\/pressroom\/pribeh-pacientky-s-migrenou\/","name":"P\u0159\u00edb\u011bh pacientky s migr\u00e9nou - Havas Prague","isPartOf":{"@id":"https:\/\/havas.cz\/#website"},"primaryImageOfPage":{"@id":"https:\/\/havas.cz\/en\/pressroom\/pribeh-pacientky-s-migrenou\/#primaryimage"},"image":{"@id":"https:\/\/havas.cz\/en\/pressroom\/pribeh-pacientky-s-migrenou\/#primaryimage"},"thumbnailUrl":"https:\/\/havas.cz\/wp-content\/uploads\/2020\/07\/migrena1200x600-0000-migrena-1.jpg","datePublished":"2020-07-01T12:01:02+00:00","dateModified":"2020-07-24T07:55:20+00:00","breadcrumb":{"@id":"https:\/\/havas.cz\/en\/pressroom\/pribeh-pacientky-s-migrenou\/#breadcrumb"},"inLanguage":"en-US","potentialAction":[{"@type":"ReadAction","target":["https:\/\/havas.cz\/en\/pressroom\/pribeh-pacientky-s-migrenou\/"]}]},{"@type":"ImageObject","inLanguage":"en-US","@id":"https:\/\/havas.cz\/en\/pressroom\/pribeh-pacientky-s-migrenou\/#primaryimage","url":"https:\/\/havas.cz\/wp-content\/uploads\/2020\/07\/migrena1200x600-0000-migrena-1.jpg","contentUrl":"https:\/\/havas.cz\/wp-content\/uploads\/2020\/07\/migrena1200x600-0000-migrena-1.jpg","width":1200,"height":600},{"@type":"BreadcrumbList","@id":"https:\/\/havas.cz\/en\/pressroom\/pribeh-pacientky-s-migrenou\/#breadcrumb","itemListElement":[{"@type":"ListItem","position":1,"name":"Dom\u016f","item":"https:\/\/havas.cz\/en\/"},{"@type":"ListItem","position":2,"name":"Pressroom","item":"https:\/\/havas.cz\/pressroom\/"},{"@type":"ListItem","position":3,"name":"P\u0159\u00edb\u011bh pacientky s migr\u00e9nou"}]},{"@type":"WebSite","@id":"https:\/\/havas.cz\/#website","url":"https:\/\/havas.cz\/","name":"Havas Prague","description":"Agentura Havas Prague. Vytv\u00e1\u0159\u00edme smyslupln\u00e1 spojen\u00ed mezi zna\u010dkami a spot\u0159ebiteli.","potentialAction":[{"@type":"SearchAction","target":{"@type":"EntryPoint","urlTemplate":"https:\/\/havas.cz\/?s={search_term_string}"},"query-input":{"@type":"PropertyValueSpecification","valueRequired":true,"valueName":"search_term_string"}}],"inLanguage":"en-US"}]}},"_links":{"self":[{"href":"https:\/\/havas.cz\/en\/wp-json\/wp\/v2\/pressroom\/9362","targetHints":{"allow":["GET"]}}],"collection":[{"href":"https:\/\/havas.cz\/en\/wp-json\/wp\/v2\/pressroom"}],"about":[{"href":"https:\/\/havas.cz\/en\/wp-json\/wp\/v2\/types\/pressroom"}],"author":[{"embeddable":true,"href":"https:\/\/havas.cz\/en\/wp-json\/wp\/v2\/users\/48"}],"wp:featuredmedia":[{"embeddable":true,"href":"https:\/\/havas.cz\/en\/wp-json\/wp\/v2\/media\/9382"}],"wp:attachment":[{"href":"https:\/\/havas.cz\/en\/wp-json\/wp\/v2\/media?parent=9362"}],"wp:term":[{"taxonomy":"pressroom_category","embeddable":true,"href":"https:\/\/havas.cz\/en\/wp-json\/wp\/v2\/pressroom_category?post=9362"},{"taxonomy":"pressroom_tag","embeddable":true,"href":"https:\/\/havas.cz\/en\/wp-json\/wp\/v2\/pressroom_tag?post=9362"}],"curies":[{"name":"wp","href":"https:\/\/api.w.org\/{rel}","templated":true}]}}