{"id":9892,"date":"2020-08-11T12:24:49","date_gmt":"2020-08-11T10:24:49","guid":{"rendered":"https:\/\/havas.cz\/?post_type=pressroom&#038;p=9892"},"modified":"2020-08-11T12:24:49","modified_gmt":"2020-08-11T10:24:49","slug":"spolecnost-billa-pokracuje-v-rustu-letos-otevira-uz-ctvrtou-prodejnu","status":"publish","type":"pressroom","link":"https:\/\/havas.cz\/en\/pressroom\/spolecnost-billa-pokracuje-v-rustu-letos-otevira-uz-ctvrtou-prodejnu\/","title":{"rendered":"Spole\u010dnost BILLA pokra\u010duje v r\u016fstu. Letos otev\u00edr\u00e1 u\u017e \u010dtvrtou prodejnu"},"content":{"rendered":"<p><strong>Spole\u010dnost BILLA otev\u00edr\u00e1 svoji 236. prodejnu v\u00a0ulici K\u0159enovick\u00e1 ve Slavkov\u011b u&nbsp;Brna. Jde o&nbsp;25. prodejnu na \u00fazem\u00ed Jihomoravsk\u00e9ho kraje, kde z\u00e1kazn\u00edci naleznou \u0161irokou nab\u00eddku kvalitn\u00edch a\u00a0\u010derstv\u00fdch produkt\u016f, k\u0159upav\u00e9 pe\u010divo, potraviny od\u00a0tuzemsk\u00fdch v\u00fdrobc\u016f nebo region\u00e1ln\u00ed speciality s\u00a0ozna\u010den\u00edm BILLA Region\u00e1ln\u011b.\u00a0<\/strong><\/p>\n<p>Nov\u00e1 prodejna BILLA se otev\u0159e ve\u0159ejnosti <strong>ve st\u0159edu 5.&nbsp;srpna 2020 v\u00a07.00 hodin r\u00e1no<\/strong>. Na prvot\u0159\u00eddn\u00ed sortiment se z\u00e1kazn\u00edci mohou t\u011b\u0161it na <strong>prodejn\u00ed plo\u0161e o&nbsp;rozloze v\u00edce ne\u017e 1&nbsp;000 m<sup>2<\/sup>. <\/strong>K\u00a0pohodln\u00e9mu n\u00e1kupu p\u0159isp\u011bje na 80<strong>parkovac\u00edch m\u00edst, <\/strong>v\u010detn\u011b t\u011bch pro rodi\u010de s\u00a0d\u011btmi a&nbsp;hendikepovan\u00e9. Prvn\u00ed den \u010dek\u00e1 na n\u00e1v\u0161t\u011bvn\u00edky mal\u00e1 pozornost, <strong>ka\u017ed\u00fd ze z\u00e1kazn\u00edk\u016f obdr\u017e\u00ed n\u00e1kupn\u00ed ta\u0161ku zdarma a&nbsp;k\u00a0n\u00e1kupu nad 500 korun i&nbsp;\u0161umiv\u00e9 v\u00edno. <\/strong>Prodejna ve Slavkov\u011b bude otev\u0159ena <strong>od pond\u011bl\u00ed do soboty od 7.00 do 20.00 hodin, v\u00a0ned\u011bli pak od 8.00 do 20.00 hodin.<\/strong><\/p>\n<p><em>\u201eT\u011b\u0161\u00ed n\u00e1s, \u017ee i&nbsp;b\u011bhem krizov\u00e9ho obdob\u00ed jsme byli schopn\u00ed r\u016fst a&nbsp;roz\u0161i\u0159ovat na\u0161\u00ed s\u00ed\u0165 do dal\u0161\u00edch m\u00edst. Z\u00e1kazn\u00edci se mohou t\u011b\u0161it na \u0161irok\u00fd v\u00fdb\u011br produkt\u016f, v\u010detn\u011b na\u0161ich priv\u00e1tn\u00edch zna\u010dek, kter\u00e9 ned\u00e1vno z\u00edskaly dvan\u00e1ct ocen\u011bn\u00ed v\u00a0anket\u011b Volba spot\u0159ebitel\u016f,\u201c<\/em> uvedl Jaroslaw Szczypka, gener\u00e1ln\u00ed \u0159editel BILLA \u010cR.<\/p>\n<p><strong>Bohat\u00fd v\u00fdb\u011br a&nbsp;podpora \u010desk\u00fdch dodavatel\u016f<\/strong><\/p>\n<p>Spole\u010dnost BILLA je\u00a0v\u00a0\u010cesk\u00e9 republice pr\u016fkopn\u00edkem v\u00a0podpo\u0159e \u010desk\u00fdch a&nbsp;region\u00e1ln\u00edch dodavatel\u016f. \u010cerstv\u00e9 maso v\u00fdhradn\u011b z\u00a0\u010desk\u00fdch chov\u016f po\u0159\u00edd\u00edte pod zna\u010dka Voc\u00edlka, jej\u00ed\u017e tv\u00e1\u0159\u00ed je popul\u00e1rn\u00ed \u0161\u00e9fkucha\u0159 Jan Pun\u010doch\u00e1\u0159. \u010cesk\u00e9 ovoce a&nbsp;zeleninu v&nbsp;reg\u00e1lech najdete pod zna\u010dkou \u010cesk\u00e1 farma. Kvalitn\u00ed produkty zna\u010dky Clever jsou zaru\u010den\u011b dobrou volbou pro spo\u0159iv\u00e9 z\u00e1kazn\u00edky. Zna\u010dka BILLA Premium zahrnuje \u0161pi\u010dkov\u00e9 potraviny pro ty nejv\u011bt\u0161\u00ed gurm\u00e1ny. A&nbsp;pokud sp\u011bch\u00e1te, tak ve\u0161ker\u00e9 sal\u00e1ty, bagety a&nbsp;hotov\u00e1 j\u00eddla nab\u00edz\u00ed BILLA Easy.<\/p>\n<p><strong>V\u00fdhody pro \u010dleny BILLA Bonus Club<\/strong><\/p>\n<p>V\u011brnostn\u00ed program BILLA Bonus Club pat\u0159\u00ed mezi nejstar\u0161\u00ed na \u010desk\u00e9m trhu. K\u00a0\u010dlenstv\u00ed se lze p\u0159ihl\u00e1sit na ka\u017ed\u00e9 prodejn\u011b, on-line p\u0159es webov\u00e9 str\u00e1nky \u010di nov\u011b p\u0159es aplikaci \u201eBILLA Czech\u201c. Hlavn\u00ed v\u00fdhodou \u010dlenstv\u00ed jsou slevy a\u017e 50&nbsp;% na 700 produkt\u016f, kter\u00e9 z\u00e1kazn\u00edci naleznou v&nbsp;reg\u00e1lech supermarket\u016f BILLA. Jsou ozna\u010deny zelenou cenovkou a&nbsp;speci\u00e1ln\u00edm stopperem \u201eKlubov\u00e1 cena\u201c. Od poloviny \u010dervence v\u00a0r\u00e1mci v\u011brnostn\u00edho programu b\u011b\u017e\u00ed tak\u00e9 sout\u011b\u017e o&nbsp;elektronick\u00e9 kolo Cruissis \u010di pouk\u00e1zky v\u00a0celkov\u00e9 hodnot\u011b 500\u00a0000&nbsp;K\u010d. Stav bod\u016f na kont\u011b, informace o&nbsp;slev\u00e1ch \u010di novink\u00e1ch je mo\u017en\u00e9 sledovat p\u0159\u00edmo ve sta\u017een\u00e9 mobiln\u00ed aplikaci nebo na webov\u00fdch str\u00e1nk\u00e1ch www.billa.cz.<strong>\u00a0<\/strong><\/p>\n<p><strong>Pro v\u00edce informac\u00ed pros\u00edm kontaktujte:<\/strong><\/p>\n<p><strong>Dana Brat\u00e1nkov\u00e1<\/strong><\/p>\n<p><strong>Mana\u017eerka korpor\u00e1tn\u00ed komunikace \/ Tiskov\u00e1 mluv\u010d\u00ed<\/strong><\/p>\n<p><strong>REWE GROUP \u010cesk\u00e1 republika, BILLA, spol. s\u00a0r.o.<\/strong><\/p>\n<p>Mobil: +420\u00a0606\u00a0099&nbsp;607<\/p>\n<p>E-mail: <a href=\"mailto:d.bratankova@billa.cz\">d.bratankova@billa.cz<\/a><\/p>\n<p><strong>REWE International AG<\/strong> je l\u00eddrem na rakousk\u00e9m trhu v&nbsp;oblasti prodeje potravinov\u00e9ho a&nbsp;drogistick\u00e9ho zbo\u017e\u00ed a\u00a0jedn\u00edm z&nbsp;nejv\u011bt\u0161\u00edch zam\u011bstnavatel\u016f v&nbsp;Rakousku. Ve 3&nbsp;693 prodejn\u00e1ch v&nbsp;Evrop\u011b zam\u011bstn\u00e1v\u00e1 t\u00e9m\u011b\u0159 80\u00a0000\u00a0pracovn\u00edk\u016f.<\/p>\n<p>REWE International AG je sou\u010d\u00e1st\u00ed n\u011bmeck\u00e9 REWE Group, kter\u00e1 p\u016fsob\u00ed ve 13 zem\u00edch Evropy a&nbsp;pat\u0159\u00ed k\u00a0nejv\u00fdznamn\u011bj\u0161\u00edm evropsk\u00fdm maloobchodn\u00edm skupin\u00e1m a&nbsp;prodejc\u016fm rodinn\u00fdch dovolen\u00fdch.<\/p>\n<p>REWE International AG se s\u00eddlem v\u00a0rakousk\u00e9m Wiener Neudorf provozuje obchodn\u00ed spole\u010dnosti BILLA, MERKUR, PENNY, BIPA a\u00a0ADEG, a\u00a0\u0159adu vlastn\u00edch produktov\u00fdch zna\u010dek. V\u00a0segmentu supermarket\u016f m\u00e1 prodejny v\u00a07 zem\u00edch st\u0159edn\u00ed a\u00a0v\u00fdchodn\u00ed Evropy.<strong>\u00a0<\/strong><\/p>\n<p><strong>BILLA \u010cR<\/strong> je sou\u010d\u00e1st\u00ed skupiny REWE International AG. Na \u010desk\u00e9m trhu p\u016fsob\u00ed od roku 1991. S&nbsp;obratem ve v\u00fd\u0161i p\u0159es 34&nbsp;mld.&nbsp;K\u010d (2019), s&nbsp;236 prodejnami a&nbsp;v\u00edce ne\u017e 6&nbsp;500 zam\u011bstnanci je BILLA l\u00eddrem na trhu supermarket\u016f. Na pr\u016fm\u011brn\u00e9 prodejn\u00ed plo\u0161e 900 m<sup>2<\/sup> nab\u00edz\u00ed \u0161irok\u00fd v\u00fdb\u011br produkt\u016f zn\u00e1m\u00fdch i&nbsp;priv\u00e1tn\u00edch zna\u010dek.<\/p>\n","protected":false},"excerpt":{"rendered":"<p>Modern\u00ed supermarket BILLA z\u00e1kazn\u00edci naleznou v ulici K\u0159enovick\u00e1 ve Slavkov\u011b u Brna. V leto\u0161n\u00edm roce je to v po\u0159ad\u00ed \u010dtvrt\u00e1 prodejna, kterou BILLA otev\u00edr\u00e1.<\/p>\n","protected":false},"author":48,"featured_media":9899,"menu_order":0,"template":"","meta":{"_links_to":"","_links_to_target":""},"pressroom_category":[],"pressroom_tag":[202],"class_list":["post-9892","pressroom","type-pressroom","status-publish","has-post-thumbnail","hentry","pressroom_tag-billa"],"yoast_head":"<!-- This site is optimized with the Yoast SEO plugin v27.1.1 - https:\/\/yoast.com\/product\/yoast-seo-wordpress\/ -->\n<title>Spole\u010dnost BILLA pokra\u010duje v r\u016fstu. Letos otev\u00edr\u00e1 u\u017e \u010dtvrtou prodejnu - Havas Prague<\/title>\n<meta name=\"robots\" content=\"index, follow, max-snippet:-1, max-image-preview:large, max-video-preview:-1\" \/>\n<link rel=\"canonical\" href=\"https:\/\/havas.cz\/en\/pressroom\/spolecnost-billa-pokracuje-v-rustu-letos-otevira-uz-ctvrtou-prodejnu\/\" \/>\n<meta property=\"og:locale\" content=\"en_US\" \/>\n<meta property=\"og:type\" content=\"article\" \/>\n<meta property=\"og:title\" content=\"Spole\u010dnost BILLA pokra\u010duje v r\u016fstu. Letos otev\u00edr\u00e1 u\u017e \u010dtvrtou prodejnu - Havas Prague\" \/>\n<meta property=\"og:description\" content=\"Modern\u00ed supermarket BILLA z\u00e1kazn\u00edci naleznou v ulici K\u0159enovick\u00e1 ve Slavkov\u011b u Brna. V leto\u0161n\u00edm roce je to v po\u0159ad\u00ed \u010dtvrt\u00e1 prodejna, kterou BILLA otev\u00edr\u00e1.\" \/>\n<meta property=\"og:url\" content=\"https:\/\/havas.cz\/en\/pressroom\/spolecnost-billa-pokracuje-v-rustu-letos-otevira-uz-ctvrtou-prodejnu\/\" \/>\n<meta property=\"og:site_name\" content=\"Havas Prague\" \/>\n<meta property=\"og:image\" content=\"https:\/\/havas.cz\/wp-content\/uploads\/2020\/08\/billa-1200x600-1.jpg\" \/>\n\t<meta property=\"og:image:width\" content=\"1200\" \/>\n\t<meta property=\"og:image:height\" content=\"600\" \/>\n\t<meta property=\"og:image:type\" content=\"image\/jpeg\" \/>\n<meta name=\"twitter:card\" content=\"summary_large_image\" \/>\n<meta name=\"twitter:label1\" content=\"Est. reading time\" \/>\n\t<meta name=\"twitter:data1\" content=\"4 minutes\" \/>\n<script type=\"application\/ld+json\" class=\"yoast-schema-graph\">{\"@context\":\"https:\/\/schema.org\",\"@graph\":[{\"@type\":\"WebPage\",\"@id\":\"https:\/\/havas.cz\/en\/pressroom\/spolecnost-billa-pokracuje-v-rustu-letos-otevira-uz-ctvrtou-prodejnu\/\",\"url\":\"https:\/\/havas.cz\/en\/pressroom\/spolecnost-billa-pokracuje-v-rustu-letos-otevira-uz-ctvrtou-prodejnu\/\",\"name\":\"Spole\u010dnost BILLA pokra\u010duje v r\u016fstu. Letos otev\u00edr\u00e1 u\u017e \u010dtvrtou prodejnu - Havas Prague\",\"isPartOf\":{\"@id\":\"https:\/\/havas.cz\/#website\"},\"primaryImageOfPage\":{\"@id\":\"https:\/\/havas.cz\/en\/pressroom\/spolecnost-billa-pokracuje-v-rustu-letos-otevira-uz-ctvrtou-prodejnu\/#primaryimage\"},\"image\":{\"@id\":\"https:\/\/havas.cz\/en\/pressroom\/spolecnost-billa-pokracuje-v-rustu-letos-otevira-uz-ctvrtou-prodejnu\/#primaryimage\"},\"thumbnailUrl\":\"https:\/\/havas.cz\/wp-content\/uploads\/2020\/08\/billa-1200x600-1.jpg\",\"datePublished\":\"2020-08-11T10:24:49+00:00\",\"breadcrumb\":{\"@id\":\"https:\/\/havas.cz\/en\/pressroom\/spolecnost-billa-pokracuje-v-rustu-letos-otevira-uz-ctvrtou-prodejnu\/#breadcrumb\"},\"inLanguage\":\"en-US\",\"potentialAction\":[{\"@type\":\"ReadAction\",\"target\":[\"https:\/\/havas.cz\/en\/pressroom\/spolecnost-billa-pokracuje-v-rustu-letos-otevira-uz-ctvrtou-prodejnu\/\"]}]},{\"@type\":\"ImageObject\",\"inLanguage\":\"en-US\",\"@id\":\"https:\/\/havas.cz\/en\/pressroom\/spolecnost-billa-pokracuje-v-rustu-letos-otevira-uz-ctvrtou-prodejnu\/#primaryimage\",\"url\":\"https:\/\/havas.cz\/wp-content\/uploads\/2020\/08\/billa-1200x600-1.jpg\",\"contentUrl\":\"https:\/\/havas.cz\/wp-content\/uploads\/2020\/08\/billa-1200x600-1.jpg\",\"width\":1200,\"height\":600},{\"@type\":\"BreadcrumbList\",\"@id\":\"https:\/\/havas.cz\/en\/pressroom\/spolecnost-billa-pokracuje-v-rustu-letos-otevira-uz-ctvrtou-prodejnu\/#breadcrumb\",\"itemListElement\":[{\"@type\":\"ListItem\",\"position\":1,\"name\":\"Dom\u016f\",\"item\":\"https:\/\/havas.cz\/en\/\"},{\"@type\":\"ListItem\",\"position\":2,\"name\":\"Pressroom\",\"item\":\"https:\/\/havas.cz\/pressroom\/\"},{\"@type\":\"ListItem\",\"position\":3,\"name\":\"Spole\u010dnost BILLA pokra\u010duje v r\u016fstu. Letos otev\u00edr\u00e1 u\u017e \u010dtvrtou prodejnu\"}]},{\"@type\":\"WebSite\",\"@id\":\"https:\/\/havas.cz\/#website\",\"url\":\"https:\/\/havas.cz\/\",\"name\":\"Havas Prague\",\"description\":\"Agentura Havas Prague. Vytv\u00e1\u0159\u00edme smyslupln\u00e1 spojen\u00ed mezi zna\u010dkami a spot\u0159ebiteli.\",\"potentialAction\":[{\"@type\":\"SearchAction\",\"target\":{\"@type\":\"EntryPoint\",\"urlTemplate\":\"https:\/\/havas.cz\/?s={search_term_string}\"},\"query-input\":{\"@type\":\"PropertyValueSpecification\",\"valueRequired\":true,\"valueName\":\"search_term_string\"}}],\"inLanguage\":\"en-US\"}]}<\/script>\n<!-- \/ Yoast SEO plugin. -->","yoast_head_json":{"title":"Spole\u010dnost BILLA pokra\u010duje v r\u016fstu. Letos otev\u00edr\u00e1 u\u017e \u010dtvrtou prodejnu - Havas Prague","robots":{"index":"index","follow":"follow","max-snippet":"max-snippet:-1","max-image-preview":"max-image-preview:large","max-video-preview":"max-video-preview:-1"},"canonical":"https:\/\/havas.cz\/en\/pressroom\/spolecnost-billa-pokracuje-v-rustu-letos-otevira-uz-ctvrtou-prodejnu\/","og_locale":"en_US","og_type":"article","og_title":"Spole\u010dnost BILLA pokra\u010duje v r\u016fstu. Letos otev\u00edr\u00e1 u\u017e \u010dtvrtou prodejnu - Havas Prague","og_description":"Modern\u00ed supermarket BILLA z\u00e1kazn\u00edci naleznou v ulici K\u0159enovick\u00e1 ve Slavkov\u011b u Brna. V leto\u0161n\u00edm roce je to v po\u0159ad\u00ed \u010dtvrt\u00e1 prodejna, kterou BILLA otev\u00edr\u00e1.","og_url":"https:\/\/havas.cz\/en\/pressroom\/spolecnost-billa-pokracuje-v-rustu-letos-otevira-uz-ctvrtou-prodejnu\/","og_site_name":"Havas Prague","og_image":[{"width":1200,"height":600,"url":"https:\/\/havas.cz\/wp-content\/uploads\/2020\/08\/billa-1200x600-1.jpg","type":"image\/jpeg"}],"twitter_card":"summary_large_image","twitter_misc":{"Est. reading time":"4 minutes"},"schema":{"@context":"https:\/\/schema.org","@graph":[{"@type":"WebPage","@id":"https:\/\/havas.cz\/en\/pressroom\/spolecnost-billa-pokracuje-v-rustu-letos-otevira-uz-ctvrtou-prodejnu\/","url":"https:\/\/havas.cz\/en\/pressroom\/spolecnost-billa-pokracuje-v-rustu-letos-otevira-uz-ctvrtou-prodejnu\/","name":"Spole\u010dnost BILLA pokra\u010duje v r\u016fstu. Letos otev\u00edr\u00e1 u\u017e \u010dtvrtou prodejnu - Havas Prague","isPartOf":{"@id":"https:\/\/havas.cz\/#website"},"primaryImageOfPage":{"@id":"https:\/\/havas.cz\/en\/pressroom\/spolecnost-billa-pokracuje-v-rustu-letos-otevira-uz-ctvrtou-prodejnu\/#primaryimage"},"image":{"@id":"https:\/\/havas.cz\/en\/pressroom\/spolecnost-billa-pokracuje-v-rustu-letos-otevira-uz-ctvrtou-prodejnu\/#primaryimage"},"thumbnailUrl":"https:\/\/havas.cz\/wp-content\/uploads\/2020\/08\/billa-1200x600-1.jpg","datePublished":"2020-08-11T10:24:49+00:00","breadcrumb":{"@id":"https:\/\/havas.cz\/en\/pressroom\/spolecnost-billa-pokracuje-v-rustu-letos-otevira-uz-ctvrtou-prodejnu\/#breadcrumb"},"inLanguage":"en-US","potentialAction":[{"@type":"ReadAction","target":["https:\/\/havas.cz\/en\/pressroom\/spolecnost-billa-pokracuje-v-rustu-letos-otevira-uz-ctvrtou-prodejnu\/"]}]},{"@type":"ImageObject","inLanguage":"en-US","@id":"https:\/\/havas.cz\/en\/pressroom\/spolecnost-billa-pokracuje-v-rustu-letos-otevira-uz-ctvrtou-prodejnu\/#primaryimage","url":"https:\/\/havas.cz\/wp-content\/uploads\/2020\/08\/billa-1200x600-1.jpg","contentUrl":"https:\/\/havas.cz\/wp-content\/uploads\/2020\/08\/billa-1200x600-1.jpg","width":1200,"height":600},{"@type":"BreadcrumbList","@id":"https:\/\/havas.cz\/en\/pressroom\/spolecnost-billa-pokracuje-v-rustu-letos-otevira-uz-ctvrtou-prodejnu\/#breadcrumb","itemListElement":[{"@type":"ListItem","position":1,"name":"Dom\u016f","item":"https:\/\/havas.cz\/en\/"},{"@type":"ListItem","position":2,"name":"Pressroom","item":"https:\/\/havas.cz\/pressroom\/"},{"@type":"ListItem","position":3,"name":"Spole\u010dnost BILLA pokra\u010duje v r\u016fstu. Letos otev\u00edr\u00e1 u\u017e \u010dtvrtou prodejnu"}]},{"@type":"WebSite","@id":"https:\/\/havas.cz\/#website","url":"https:\/\/havas.cz\/","name":"Havas Prague","description":"Agentura Havas Prague. Vytv\u00e1\u0159\u00edme smyslupln\u00e1 spojen\u00ed mezi zna\u010dkami a spot\u0159ebiteli.","potentialAction":[{"@type":"SearchAction","target":{"@type":"EntryPoint","urlTemplate":"https:\/\/havas.cz\/?s={search_term_string}"},"query-input":{"@type":"PropertyValueSpecification","valueRequired":true,"valueName":"search_term_string"}}],"inLanguage":"en-US"}]}},"_links":{"self":[{"href":"https:\/\/havas.cz\/en\/wp-json\/wp\/v2\/pressroom\/9892","targetHints":{"allow":["GET"]}}],"collection":[{"href":"https:\/\/havas.cz\/en\/wp-json\/wp\/v2\/pressroom"}],"about":[{"href":"https:\/\/havas.cz\/en\/wp-json\/wp\/v2\/types\/pressroom"}],"author":[{"embeddable":true,"href":"https:\/\/havas.cz\/en\/wp-json\/wp\/v2\/users\/48"}],"wp:featuredmedia":[{"embeddable":true,"href":"https:\/\/havas.cz\/en\/wp-json\/wp\/v2\/media\/9899"}],"wp:attachment":[{"href":"https:\/\/havas.cz\/en\/wp-json\/wp\/v2\/media?parent=9892"}],"wp:term":[{"taxonomy":"pressroom_category","embeddable":true,"href":"https:\/\/havas.cz\/en\/wp-json\/wp\/v2\/pressroom_category?post=9892"},{"taxonomy":"pressroom_tag","embeddable":true,"href":"https:\/\/havas.cz\/en\/wp-json\/wp\/v2\/pressroom_tag?post=9892"}],"curies":[{"name":"wp","href":"https:\/\/api.w.org\/{rel}","templated":true}]}}